{"id":68424,"date":"2019-01-26T13:59:07","date_gmt":"2019-01-26T12:59:07","guid":{"rendered":"http:\/\/2horizontes.com\/?p=68424"},"modified":"2019-01-26T13:59:08","modified_gmt":"2019-01-26T12:59:08","slug":"el-dolor-de-los-padres-de-julen-otra-vez-no-otra-vez-no","status":"publish","type":"post","link":"https:\/\/2horizontes.com\/?p=68424","title":{"rendered":"El dolor de los padres de Julen: \u00ab\u00a1Otra vez no!, \u00a1otra vez no!\u00bb"},"content":{"rendered":"\n<p>Apenas dos a\u00f1os despu\u00e9s de perder a su hijo Oliver, la tragedia ha vuelto a golpear duramente a los Rosell\u00f3. Tras\u00a0<strong>dos semanas de incansables trabajos para rescata<\/strong>r a su peque\u00f1o\u00a0Julen Rosell\u00f3, quien\u00a0el pasado 13 de enero cay\u00f3 por un estrecho pozo cuando se encontraba con su familia en una finca de Total\u00e1n (M\u00e1laga),\u00a0<strong>los padres de Julen eran informados durante la madrugada\u00a0<\/strong>de este s\u00e1bado de que el cuerpo del peque\u00f1o hab\u00eda sido recuperado sin vida.<\/p>\n\n\n\n<p><strong>\u00ab\u00a1Otra vez no!, \u00a1otra vez no!\u00bb<\/strong>. Minutos antes de\u00a0hacerse p\u00fablica oficialmente la localizaci\u00f3n del cad\u00e1ver, en la vivienda donde estaban acogidos desde hace varios d\u00edas los padres en Total\u00e1n se escucharon gritos, posiblemente en referencia al otro hijo que la pareja perdi\u00f3. Oliver ten\u00eda tres a\u00f1os cuando\u00a0en 2017 sufri\u00f3 una muerte s\u00fabita. Entonces, Julen apenas era un beb\u00e9.<\/p>\n\n\n\n<figure class=\"wp-block-image\"><img decoding=\"async\" src=\"https:\/\/e00-elmundo.uecdn.es\/assets\/multimedia\/imagenes\/2019\/01\/25\/15484559336196.jpg\" alt=\"Los padres de Julen\"\/><figcaption>Los padres de Julen, durante una vigilia celebrada el jueves.&nbsp;AFP<\/figcaption><\/figure>\n\n\n\n<p>La vivienda donde se encontraban refugiados los padres fue escenario esta madrugada de momentos de&nbsp;<strong>tensi\u00f3n y gritos<\/strong>&nbsp;al conocer la localizaci\u00f3n de su cuerpo sin vida. Diversos informadores que se encontraban en las inmediaciones de la vivienda han tenido que abandonar el lugar precipitadamente, llevados por la&nbsp;<strong>fuerte tensi\u00f3n que viv\u00edan los padres del ni\u00f1o y las personas que les acompa\u00f1aban<\/strong>.<\/p>\n\n\n\n<p>A medida que los equipos de rescate se iban aproximando durante el viernes al lugar donde finamente fue hallado el ni\u00f1o, la tensi\u00f3n entre la familia crec\u00eda. En torno a las 21 horas del viernes, Jos\u00e9 Rosell\u00f3, padre del peque\u00f1o, tuvo que ser&nbsp;<strong>atendido por los servicios sanitarios<\/strong>&nbsp;debido a un ataque de ansiedad. Unas horas despu\u00e9s se produc\u00eda el tr\u00e1gico desenlace.<\/p>\n\n\n\n<h3 class=\"wp-block-heading\">Rotos de dolor en el tanatorio<\/h3>\n\n\n\n<p>Este s\u00e1bado,&nbsp;<strong>los padres de Julen, rotos de dolor, han ido agradeciendo con abrazos las muestras de cari\u00f1o&nbsp;<\/strong>que les est\u00e1n dando los vecinos que se acercan a expresarles su pesar al tanatorio de la barriada malague\u00f1a de El Palo. La desolaci\u00f3n y un profundo silencio se siente en el ir y venir de vecinos que acuden al lugar, situado a decenas de metros de la casa donde viv\u00eda el menor con su familia en la zona de viviendas conocida como Las Protegidas.<\/p>\n\n\n\n<p>El tanatorio -adonde&nbsp;<strong>ser\u00e1 trasladado el cad\u00e1ver del peque\u00f1o cuando se termine la autopsia&nbsp;<\/strong>y la toma de muestras- est\u00e1 custodiado por agentes de la Polic\u00eda Nacional y Local que han cortado el carril de acceso al camposanto, as\u00ed como un carril de la antigua nacional 340, de la avenida Salvador Allende. Medios nacionales e internacionales est\u00e1n apostados en la zona, donde la Polic\u00eda Local ha puesto unas vallas para que la familia pueda mantener su privacidad. En Total\u00e1n se han decretado tres d\u00edas de luto oficial por Julen.<\/p>\n","protected":false},"excerpt":{"rendered":"<p>Apenas dos a\u00f1os despu\u00e9s de perder a su hijo Oliver, la tragedia ha vuelto a golpear duramente a los Rosell\u00f3. Tras\u00a0dos semanas de incansables trabajos para rescatar a su peque\u00f1o\u00a0Julen Rosell\u00f3, quien\u00a0el pasado 13 de enero cay\u00f3 por un estrecho pozo cuando se encontraba con su familia en una finca de Total\u00e1n (M\u00e1laga),\u00a0los padres de [&hellip;]<\/p>\n","protected":false},"author":1,"featured_media":68425,"comment_status":"open","ping_status":"open","sticky":false,"template":"","format":"standard","meta":{"footnotes":""},"categories":[85],"tags":[],"class_list":["post-68424","post","type-post","status-publish","format-standard","has-post-thumbnail","hentry","category-espana"],"_links":{"self":[{"href":"https:\/\/2horizontes.com\/index.php?rest_route=\/wp\/v2\/posts\/68424","targetHints":{"allow":["GET"]}}],"collection":[{"href":"https:\/\/2horizontes.com\/index.php?rest_route=\/wp\/v2\/posts"}],"about":[{"href":"https:\/\/2horizontes.com\/index.php?rest_route=\/wp\/v2\/types\/post"}],"author":[{"embeddable":true,"href":"https:\/\/2horizontes.com\/index.php?rest_route=\/wp\/v2\/users\/1"}],"replies":[{"embeddable":true,"href":"https:\/\/2horizontes.com\/index.php?rest_route=%2Fwp%2Fv2%2Fcomments&post=68424"}],"version-history":[{"count":1,"href":"https:\/\/2horizontes.com\/index.php?rest_route=\/wp\/v2\/posts\/68424\/revisions"}],"predecessor-version":[{"id":68426,"href":"https:\/\/2horizontes.com\/index.php?rest_route=\/wp\/v2\/posts\/68424\/revisions\/68426"}],"wp:featuredmedia":[{"embeddable":true,"href":"https:\/\/2horizontes.com\/index.php?rest_route=\/wp\/v2\/media\/68425"}],"wp:attachment":[{"href":"https:\/\/2horizontes.com\/index.php?rest_route=%2Fwp%2Fv2%2Fmedia&parent=68424"}],"wp:term":[{"taxonomy":"category","embeddable":true,"href":"https:\/\/2horizontes.com\/index.php?rest_route=%2Fwp%2Fv2%2Fcategories&post=68424"},{"taxonomy":"post_tag","embeddable":true,"href":"https:\/\/2horizontes.com\/index.php?rest_route=%2Fwp%2Fv2%2Ftags&post=68424"}],"curies":[{"name":"wp","href":"https:\/\/api.w.org\/{rel}","templated":true}]}}