{"id":68354,"date":"2019-01-04T15:56:50","date_gmt":"2019-01-04T14:56:50","guid":{"rendered":"http:\/\/2horizontes.com\/?p=68354"},"modified":"2019-01-04T15:56:52","modified_gmt":"2019-01-04T14:56:52","slug":"murcielagos-esqueletos-y-estalactitas-asi-se-hallo-la-cueva-de-nerja-hace-seis-decadas","status":"publish","type":"post","link":"https:\/\/2horizontes.com\/?p=68354","title":{"rendered":"Murci\u00e9lagos, esqueletos y estalactitas: as\u00ed se hall\u00f3 la cueva de Nerja hace seis d\u00e9cadas"},"content":{"rendered":"<p>Los descubridores del conjunto malague\u00f1o, declarado bien de inter\u00e9s cultural, recuerdan su aventura, de la que se cumplen 60 a\u00f1os el 12 de enero<\/p>\n<p>Fueron en busca de murci\u00e9lagos. Los vieron salir de una grieta y decidieron adentrarse en las entra\u00f1as de la monta\u00f1a para conocer su refugio. Todo iba bien, hasta que una serie de estalagmitas y estalactitas les impidi\u00f3 el paso. No se dieron por vencidos. Volvieron al d\u00eda siguiente con un martillo y un par de linternas. Consiguieron pasar la barrera a base de golpes y descubrieron un enorme espacio repleto de extra\u00f1as formas rocosas. Su felicidad continu\u00f3 hasta que se toparon con dos esqueletos. Les entr\u00f3 el p\u00e1nico. \u201c\u00bfY si nos qued\u00e1bamos nosotros tambi\u00e9n encerrados ah\u00ed?\u201d, recuerda Jos\u00e9 Torres, uno de aquellos cinco chavales que, en 1959 y sin saberlo, hab\u00edan dado con un lugar de gran valor para la ciencia,  la cueva de Nerja. Un lugar con formaciones que se remontan a 800.000 a\u00f1os y que acoge una gran galer\u00eda de arte prehist\u00f3rico formada por cerca de 600 motivos. El conjunto fue declarado bien de inter\u00e9s cultural en 1985 y zona arqueol\u00f3gica en 2005.<\/p>\n<p>M\u00c1S INFORMACI\u00d3N<br \/>\nLa Cueva de Nerja limita un 16% sus visitas en verano<br \/>\nLos cient\u00edficos revisan la edad de las pinturas de la cueva de Nerja<\/p>\n<p>El pr\u00f3ximo 12 de enero se celebra el 60\u00ba aniversario de aquella travesura adolescente. Entre los festejos, la fundaci\u00f3n p\u00fablica que gestiona el espacio \u2014que posee un presupuesto de 4,3 millones de euros para 2019\u2014 ha preparado un homenaje a aquellos muchachos que cambiaron para siempre la historia de su localidad. Ser\u00e1n la imagen de la ciudad en la pr\u00f3xima edici\u00f3n de la Feria Internacional de Turismo (FITUR). Y durante el mes de abril ejercer\u00e1n como gu\u00edas a quienes quieran reconstruir con ellos su primera excursi\u00f3n tierra adentro. Hoy, un tercio de los casi 300.000 metros cuadrados de cueva son visitables. Una experiencia que realizan 450.000 personas cada a\u00f1o. En M\u00e1laga, solo el Museo Picasso la supera en visitas.<\/p>\n","protected":false},"excerpt":{"rendered":"<p>Los descubridores del conjunto malague\u00f1o, declarado bien de inter\u00e9s cultural, recuerdan su aventura, de la que se cumplen 60 a\u00f1os el 12 de enero Fueron en busca de murci\u00e9lagos. Los vieron salir de una grieta y decidieron adentrarse en las entra\u00f1as de la monta\u00f1a para conocer su refugio. Todo iba bien, hasta que una serie [&hellip;]<\/p>\n","protected":false},"author":1,"featured_media":68355,"comment_status":"open","ping_status":"open","sticky":false,"template":"","format":"standard","meta":{"footnotes":""},"categories":[85],"tags":[],"class_list":["post-68354","post","type-post","status-publish","format-standard","has-post-thumbnail","hentry","category-espana"],"_links":{"self":[{"href":"https:\/\/2horizontes.com\/index.php?rest_route=\/wp\/v2\/posts\/68354","targetHints":{"allow":["GET"]}}],"collection":[{"href":"https:\/\/2horizontes.com\/index.php?rest_route=\/wp\/v2\/posts"}],"about":[{"href":"https:\/\/2horizontes.com\/index.php?rest_route=\/wp\/v2\/types\/post"}],"author":[{"embeddable":true,"href":"https:\/\/2horizontes.com\/index.php?rest_route=\/wp\/v2\/users\/1"}],"replies":[{"embeddable":true,"href":"https:\/\/2horizontes.com\/index.php?rest_route=%2Fwp%2Fv2%2Fcomments&post=68354"}],"version-history":[{"count":1,"href":"https:\/\/2horizontes.com\/index.php?rest_route=\/wp\/v2\/posts\/68354\/revisions"}],"predecessor-version":[{"id":68356,"href":"https:\/\/2horizontes.com\/index.php?rest_route=\/wp\/v2\/posts\/68354\/revisions\/68356"}],"wp:featuredmedia":[{"embeddable":true,"href":"https:\/\/2horizontes.com\/index.php?rest_route=\/wp\/v2\/media\/68355"}],"wp:attachment":[{"href":"https:\/\/2horizontes.com\/index.php?rest_route=%2Fwp%2Fv2%2Fmedia&parent=68354"}],"wp:term":[{"taxonomy":"category","embeddable":true,"href":"https:\/\/2horizontes.com\/index.php?rest_route=%2Fwp%2Fv2%2Fcategories&post=68354"},{"taxonomy":"post_tag","embeddable":true,"href":"https:\/\/2horizontes.com\/index.php?rest_route=%2Fwp%2Fv2%2Ftags&post=68354"}],"curies":[{"name":"wp","href":"https:\/\/api.w.org\/{rel}","templated":true}]}}