{"id":6824,"date":"2015-05-13T18:44:22","date_gmt":"2015-05-13T17:44:22","guid":{"rendered":"http:\/\/2horizontes.com\/?p=6824"},"modified":"2015-05-13T18:44:22","modified_gmt":"2015-05-13T17:44:22","slug":"respeto-a-iker-casillas","status":"publish","type":"post","link":"https:\/\/2horizontes.com\/?p=6824","title":{"rendered":"Respeto a Iker Casillas"},"content":{"rendered":"<p>Casillas ser\u00e1 el protagonista en los proleg\u00f3menos del partido ante la Juventus. El recibimiento al capit\u00e1n por parte de la afici\u00f3n es uno de los puntos calientes de este apasionante duelo de Champions.<\/p>\n<p>En previsi\u00f3n de que Iker pueda ser pitado por una parte del p\u00fablico, la pe\u00f1a Ram\u00f3n Mendoza va a desplegar una pancarta en una de las gradas del estadio con el siguiente mensaje: &#8216;Respeto a Iker&#8217;.<\/p>\n<p>El objetivo es que el estadio sea una caldera en favor de su equipo y no un plebiscito en contra del capit\u00e1n blanco.<\/p>\n<p>La <strong>Pe\u00f1a Ram\u00f3n Mendoza<\/strong> (fundada en 1988, ubicada en <strong>Alcal\u00e1 de Henares<\/strong> y con m\u00e1s de 300 socios) desplegar\u00e1 hoy en el <strong>Real Madrid-Juventus<\/strong> (20:45 horas) una pancarta en favor del capit\u00e1n del <strong>Real Madrid<\/strong>. <strong>\u00abRespeto para Iker\u00bb,<\/strong> pondr\u00e1 el cartel, con una medida <strong>de 10 metros de ancho y 60 cent\u00edmetros de altura.<\/strong> <strong>Llevar\u00e1 adem\u00e1s el escudo del Real Madrid con la cara de Casillas dentro del mismo.<\/strong> La pe\u00f1a ha tomado esta decisi\u00f3n a ra\u00edz de lo sucedido el pasado s\u00e1bado, en el Real Madrid-Valencia (2-2), cuando Iker harto de los silbidos de buena parte del Bernab\u00e9u mascull\u00f3 para s\u00ed: \u00ab\u00a1Qu\u00e9 pesados! A tomar por c&#8230; con los pitidos de los c&#8230;\u00bb.<\/p>\n<p><strong>Efigenio\u00a0Albaladejo,<\/strong> presidente de la pe\u00f1a, explica en AS por qu\u00e9 han tomado esta decisi\u00f3n: \u00abPensamos que esto se ha salido de madre. Tenemos que estar unidos y no podemos estar tirando piedras contra nuestro propio tejado. <strong>Todo esto es una herencia de Mourinho<\/strong>, que ha dividido al madridismo. Si el otro d\u00eda en vez de pitos hubiera habido aplausos, ganamos al Valencia. Mourinho se fue y tenemos que defender a los jugadores y a leyendas del Madrid como Iker Casillas. <strong>Llevo 50 a\u00f1os yendo al Bernab\u00e9u y he visto a jugadores marcados, pero ninguno como a Iker. No hay derecho.<\/strong> Tenemos que remar hacia una misma direcci\u00f3n todo el madridismo<\/p>\n","protected":false},"excerpt":{"rendered":"<p>Casillas ser\u00e1 el protagonista en los proleg\u00f3menos del partido ante la Juventus. El recibimiento al capit\u00e1n por parte de la afici\u00f3n es uno de los puntos calientes de este apasionante duelo de Champions. En previsi\u00f3n de que Iker pueda ser pitado por una parte del p\u00fablico, la pe\u00f1a Ram\u00f3n Mendoza va a desplegar una pancarta [&hellip;]<\/p>\n","protected":false},"author":3,"featured_media":6825,"comment_status":"open","ping_status":"open","sticky":false,"template":"","format":"standard","meta":{"footnotes":""},"categories":[42],"tags":[],"class_list":["post-6824","post","type-post","status-publish","format-standard","has-post-thumbnail","hentry","category-deportes"],"_links":{"self":[{"href":"https:\/\/2horizontes.com\/index.php?rest_route=\/wp\/v2\/posts\/6824","targetHints":{"allow":["GET"]}}],"collection":[{"href":"https:\/\/2horizontes.com\/index.php?rest_route=\/wp\/v2\/posts"}],"about":[{"href":"https:\/\/2horizontes.com\/index.php?rest_route=\/wp\/v2\/types\/post"}],"author":[{"embeddable":true,"href":"https:\/\/2horizontes.com\/index.php?rest_route=\/wp\/v2\/users\/3"}],"replies":[{"embeddable":true,"href":"https:\/\/2horizontes.com\/index.php?rest_route=%2Fwp%2Fv2%2Fcomments&post=6824"}],"version-history":[{"count":1,"href":"https:\/\/2horizontes.com\/index.php?rest_route=\/wp\/v2\/posts\/6824\/revisions"}],"predecessor-version":[{"id":6826,"href":"https:\/\/2horizontes.com\/index.php?rest_route=\/wp\/v2\/posts\/6824\/revisions\/6826"}],"wp:featuredmedia":[{"embeddable":true,"href":"https:\/\/2horizontes.com\/index.php?rest_route=\/wp\/v2\/media\/6825"}],"wp:attachment":[{"href":"https:\/\/2horizontes.com\/index.php?rest_route=%2Fwp%2Fv2%2Fmedia&parent=6824"}],"wp:term":[{"taxonomy":"category","embeddable":true,"href":"https:\/\/2horizontes.com\/index.php?rest_route=%2Fwp%2Fv2%2Fcategories&post=6824"},{"taxonomy":"post_tag","embeddable":true,"href":"https:\/\/2horizontes.com\/index.php?rest_route=%2Fwp%2Fv2%2Ftags&post=6824"}],"curies":[{"name":"wp","href":"https:\/\/api.w.org\/{rel}","templated":true}]}}