{"id":68234,"date":"2018-12-20T15:38:42","date_gmt":"2018-12-20T14:38:42","guid":{"rendered":"http:\/\/2horizontes.com\/?p=68234"},"modified":"2018-12-20T15:41:27","modified_gmt":"2018-12-20T14:41:27","slug":"el-buey-y-el-asno-en-el-pesebre","status":"publish","type":"post","link":"https:\/\/2horizontes.com\/?p=68234","title":{"rendered":"El Buey y el Asno en el Pesebre"},"content":{"rendered":"<p>La antigua fiesta de los cristianos no es la navidad, sino la pascua: solamente la resurrecci\u00f3n del Se\u00f1or constituy\u00f3 el alumbramiento de una nueva vida y, as\u00ed, el comienzo de la iglesia.<\/p>\n<p>Ser cristiano significa vivir pascualmente a partir de la resurrecci\u00f3n, la cual es celebrada semanalmente en la festividad pascual del domingo.<\/p>\n<p>Que Jes\u00fas naci\u00f3 el 25 de diciembre lo afirm\u00f3 ya con seguridad por primera vez Hip\u00f3lito de Roma, en su comentario de Daniel, escrito m\u00e1s o menos en el a\u00f1o 204 despu\u00e9s de Cristo.<\/p>\n<p>El investigador que trabaja en Basilea, Bo Reicke, bas\u00e1ndose en ciertos indicios, cree poder demostrar que ya Lucas en su evangelio presupone el d\u00eda 25 de diciembre como el d\u00eda del nacimiento de Jes\u00fas.<\/p>\n<p>Lo cierto es que la verdadera figura que le corresponde la recibi\u00f3 la fiesta de navidad por primera vez en el siglo IV, cuando arrumb\u00f3 la festividad romana del Dios-Sol invicto y present\u00f3 el nacimiento de Cristo como la victoria de la verdadera luz.<\/p>\n<p>Francisco de As\u00eds el que, partiendo de su profundo amor al hombre Jes\u00fas, hacia el Dios-con-nosotros, contribuy\u00f3 a introducir esta novedad. Su primer bi\u00f3grafo, De tales sentimientos procedi\u00f3 la famosa celebraci\u00f3n de la navidad en Greccio, a la cual le pudieron animar e incitar su visita a la tierra santa y al pesebre que se halla en Santa Mar\u00eda la Mayor en Roma.<\/p>\n<p>En el ni\u00f1o Jes\u00fas se hace patente, m\u00e1s que en ninguna otra parte, la indefensi\u00f3n del amor de Dios: Dios viene sin armas, porque no pretende asaltar desde fuera, sino conquistar desde dentro y transformar a partir de dentro.<\/p>\n<p>En la cueva de Greccio, por indicaci\u00f3n de Francisco, se pusieron aquella noche un buey y un asno.<\/p>\n<p><strong><em>Un Buey y un Asno.<\/em><\/strong><\/p>\n<p>Un buey y un asno forman parte de la representaci\u00f3n del pesebre o nacimiento. \u00bfPero de d\u00f3nde proceden propiamente estos animales? Los relatos de la navidad del nuevo testamento no nos narran nada acerca de esto. El buey y el asno no son simples productos de la fantas\u00eda; se han convertido, por la fe de la iglesia, en la unidad del antiguo y nuevo testamento, en los acompa\u00f1antes del acontecimiento navide\u00f1o.<\/p>\n<p>Los padres de la iglesia vieron en esas palabras una profec\u00eda que apuntaba al nuevo pueblo de Dios, a la iglesia de los jud\u00edos y de los cristianos. Ante Dios, eran todos los hombres, tanto jud\u00edos como paganos, como bueyes y asnos, sin raz\u00f3n ni conocimiento.<\/p>\n<p>Cuando nosotros ponemos el buey y el asno en el portal, deben venirnos a la memoria aquellas palabras de Isa\u00edas, las cuales no son s\u00f3lo evangelio -promesa de un conocimiento que nos ha de llegar- sino tambi\u00e9n juicio por nuestra ceguera actual. El buey y el asno conocen, pero \u00abIsrael no tiene conocimiento, mi pueblo no tiene inteligencia\u00bb.<\/p>\n<p>Los que conocieron, comparados con esta famosa gentecilla del \u00abbuey y el asno\u00bb fueron: los pastores, los magos, Mar\u00eda y Jos\u00e9. \u00bfPod\u00eda ser de otra manera? En el establo donde \u00e9l se encuentra no se ve gente fina, all\u00ed est\u00e1n como en su casa el buey y el asno.<\/p>\n<p><em>P. Jorge Nelson Mari\u00f1ez Tapia.<\/em><br \/>\n<em>Fuente: Joseph Ratzinger, El Rostro de Dios.<\/em><\/p>\n","protected":false},"excerpt":{"rendered":"<p>La antigua fiesta de los cristianos no es la navidad, sino la pascua: solamente la resurrecci\u00f3n del Se\u00f1or constituy\u00f3 el alumbramiento de una nueva vida y, as\u00ed, el comienzo de la iglesia. Ser cristiano significa vivir pascualmente a partir de la resurrecci\u00f3n, la cual es celebrada semanalmente en la festividad pascual del domingo. Que Jes\u00fas [&hellip;]<\/p>\n","protected":false},"author":22776,"featured_media":68236,"comment_status":"open","ping_status":"open","sticky":false,"template":"","format":"standard","meta":{"footnotes":""},"categories":[83],"tags":[],"class_list":["post-68234","post","type-post","status-publish","format-standard","has-post-thumbnail","hentry","category-reportajes"],"_links":{"self":[{"href":"https:\/\/2horizontes.com\/index.php?rest_route=\/wp\/v2\/posts\/68234","targetHints":{"allow":["GET"]}}],"collection":[{"href":"https:\/\/2horizontes.com\/index.php?rest_route=\/wp\/v2\/posts"}],"about":[{"href":"https:\/\/2horizontes.com\/index.php?rest_route=\/wp\/v2\/types\/post"}],"author":[{"embeddable":true,"href":"https:\/\/2horizontes.com\/index.php?rest_route=\/wp\/v2\/users\/22776"}],"replies":[{"embeddable":true,"href":"https:\/\/2horizontes.com\/index.php?rest_route=%2Fwp%2Fv2%2Fcomments&post=68234"}],"version-history":[{"count":2,"href":"https:\/\/2horizontes.com\/index.php?rest_route=\/wp\/v2\/posts\/68234\/revisions"}],"predecessor-version":[{"id":68238,"href":"https:\/\/2horizontes.com\/index.php?rest_route=\/wp\/v2\/posts\/68234\/revisions\/68238"}],"wp:featuredmedia":[{"embeddable":true,"href":"https:\/\/2horizontes.com\/index.php?rest_route=\/wp\/v2\/media\/68236"}],"wp:attachment":[{"href":"https:\/\/2horizontes.com\/index.php?rest_route=%2Fwp%2Fv2%2Fmedia&parent=68234"}],"wp:term":[{"taxonomy":"category","embeddable":true,"href":"https:\/\/2horizontes.com\/index.php?rest_route=%2Fwp%2Fv2%2Fcategories&post=68234"},{"taxonomy":"post_tag","embeddable":true,"href":"https:\/\/2horizontes.com\/index.php?rest_route=%2Fwp%2Fv2%2Ftags&post=68234"}],"curies":[{"name":"wp","href":"https:\/\/api.w.org\/{rel}","templated":true}]}}