{"id":68212,"date":"2018-12-17T13:46:53","date_gmt":"2018-12-17T12:46:53","guid":{"rendered":"http:\/\/2horizontes.com\/?p=68212"},"modified":"2018-12-17T13:48:29","modified_gmt":"2018-12-17T12:48:29","slug":"consulado-de-rd-en-marsella-francia-realiza-encuentro-navideno-con-la-comunidad-dominicana","status":"publish","type":"post","link":"https:\/\/2horizontes.com\/?p=68212","title":{"rendered":"Consulado de RD en Marsella, Francia, realiza encuentro navide\u00f1o con la comunidad dominicana."},"content":{"rendered":"<p>Marsella, Francia.- En un ambiente de alegr\u00eda, confraternidad y sana diversi\u00f3n, el Consulado General de la Rep\u00fablica Dominicana en Marsella, Francia, junto a un equipo de colaboradores realiz\u00f3 su tradicional encuentro navide\u00f1o con la comunidad dominicana residente en Marsella y zonas aleda\u00f1as.<a href=\"http:\/\/2horizontes.com\/wp-content\/uploads\/2018\/12\/4.jpg\"><img loading=\"lazy\" decoding=\"async\" class=\"size-medium wp-image-68214 alignleft\" src=\"http:\/\/2horizontes.com\/wp-content\/uploads\/2018\/12\/4-142x300.jpg\" alt=\"\" width=\"142\" height=\"300\" srcset=\"https:\/\/2horizontes.com\/wp-content\/uploads\/2018\/12\/4-142x300.jpg 142w, https:\/\/2horizontes.com\/wp-content\/uploads\/2018\/12\/4-485x1024.jpg 485w, https:\/\/2horizontes.com\/wp-content\/uploads\/2018\/12\/4.jpg 640w\" sizes=\"auto, (max-width: 142px) 100vw, 142px\" \/><\/a><\/p>\n<p>&nbsp;<\/p>\n<p>La cita fue el pasado s\u00e1bado 15\/12\/2018, en la Sala Flamingo ubicada en la rue Venture No. 7 de Marsella, que fue rentada por el consulado dominicano desde las 6 de la tarde hasta las 12 de la noche; los participantes disfrutaron de una sabrosa Cena de Navidad al estilo dominicano y de un DJ en vivo que ameniz\u00f3 toda la velada con m\u00fasica aut\u00f3ctona dominicana propia de esta \u00e9poca del a\u00f1o, celebrando la Navidad entre dominicanos, en un ambiente dominicano.<\/p>\n<p>&nbsp;<\/p>\n<p>Los presentes disfrutaron a plenitud de su fiesta-cena navide\u00f1a con la alegr\u00eda y el civismo que caracteriza a muestra laboriosa comunidad dominicana residente en Marsella.<a href=\"http:\/\/2horizontes.com\/wp-content\/uploads\/2018\/12\/2.jpg\"><img loading=\"lazy\" decoding=\"async\" class=\" wp-image-68215 alignleft\" src=\"http:\/\/2horizontes.com\/wp-content\/uploads\/2018\/12\/2-300x300.jpg\" alt=\"\" width=\"211\" height=\"211\" srcset=\"https:\/\/2horizontes.com\/wp-content\/uploads\/2018\/12\/2-300x300.jpg 300w, https:\/\/2horizontes.com\/wp-content\/uploads\/2018\/12\/2-150x150.jpg 150w, https:\/\/2horizontes.com\/wp-content\/uploads\/2018\/12\/2-768x768.jpg 768w, https:\/\/2horizontes.com\/wp-content\/uploads\/2018\/12\/2-510x510.jpg 510w, https:\/\/2horizontes.com\/wp-content\/uploads\/2018\/12\/2.jpg 1080w\" sizes=\"auto, (max-width: 211px) 100vw, 211px\" \/><\/a><\/p>\n<p>En la ocasi\u00f3n, el C\u00f3nsul General Manuel Col\u00f3n, junto al Vicec\u00f3nsul Robert Ramos Peralta, entregaron varios pergaminos de reconocimientos a miembros distinguidos de la di\u00e1spora dominicana residente en Marsella, entre los galardonados estuvieron Gabriela Brice\u00f1o Feliz, estudiante de la Universidad de Toulon, Jhaner Alexander Jim\u00e9nez de los Santos, miembro de la legi\u00f3n extranjera del ej\u00e9rcito franc\u00e9s, tambi\u00e9n fueron reconocidas Aracelis Chalas y Celeste de los Santos Lara, dos damas ejemplares entregadas en cuerpo y alma al trabajo productivo y a sus respectivas familias.<\/p>\n<p>&nbsp;<\/p>\n<p>&nbsp;<\/p>\n","protected":false},"excerpt":{"rendered":"<p>Marsella, Francia.- En un ambiente de alegr\u00eda, confraternidad y sana diversi\u00f3n, el Consulado General de la Rep\u00fablica Dominicana en Marsella, Francia, junto a un equipo de colaboradores realiz\u00f3 su tradicional encuentro navide\u00f1o con la comunidad dominicana residente en Marsella y zonas aleda\u00f1as. &nbsp; La cita fue el pasado s\u00e1bado 15\/12\/2018, en la Sala Flamingo ubicada [&hellip;]<\/p>\n","protected":false},"author":4,"featured_media":68213,"comment_status":"open","ping_status":"open","sticky":false,"template":"","format":"standard","meta":{"footnotes":""},"categories":[62,86,40,53],"tags":[],"class_list":["post-68212","post","type-post","status-publish","format-standard","has-post-thumbnail","hentry","category-cultura","category-europa","category-internacionales","category-provincias"],"_links":{"self":[{"href":"https:\/\/2horizontes.com\/index.php?rest_route=\/wp\/v2\/posts\/68212","targetHints":{"allow":["GET"]}}],"collection":[{"href":"https:\/\/2horizontes.com\/index.php?rest_route=\/wp\/v2\/posts"}],"about":[{"href":"https:\/\/2horizontes.com\/index.php?rest_route=\/wp\/v2\/types\/post"}],"author":[{"embeddable":true,"href":"https:\/\/2horizontes.com\/index.php?rest_route=\/wp\/v2\/users\/4"}],"replies":[{"embeddable":true,"href":"https:\/\/2horizontes.com\/index.php?rest_route=%2Fwp%2Fv2%2Fcomments&post=68212"}],"version-history":[{"count":1,"href":"https:\/\/2horizontes.com\/index.php?rest_route=\/wp\/v2\/posts\/68212\/revisions"}],"predecessor-version":[{"id":68216,"href":"https:\/\/2horizontes.com\/index.php?rest_route=\/wp\/v2\/posts\/68212\/revisions\/68216"}],"wp:featuredmedia":[{"embeddable":true,"href":"https:\/\/2horizontes.com\/index.php?rest_route=\/wp\/v2\/media\/68213"}],"wp:attachment":[{"href":"https:\/\/2horizontes.com\/index.php?rest_route=%2Fwp%2Fv2%2Fmedia&parent=68212"}],"wp:term":[{"taxonomy":"category","embeddable":true,"href":"https:\/\/2horizontes.com\/index.php?rest_route=%2Fwp%2Fv2%2Fcategories&post=68212"},{"taxonomy":"post_tag","embeddable":true,"href":"https:\/\/2horizontes.com\/index.php?rest_route=%2Fwp%2Fv2%2Ftags&post=68212"}],"curies":[{"name":"wp","href":"https:\/\/api.w.org\/{rel}","templated":true}]}}