{"id":68209,"date":"2018-12-17T13:35:36","date_gmt":"2018-12-17T12:35:36","guid":{"rendered":"http:\/\/2horizontes.com\/?p=68209"},"modified":"2018-12-17T13:35:36","modified_gmt":"2018-12-17T12:35:36","slug":"marcos-cross-cree-unidad-interna-pld-garantiza-cumplir-objetivos-de-bosc","status":"publish","type":"post","link":"https:\/\/2horizontes.com\/?p=68209","title":{"rendered":"Marcos Cross cree unidad interna PLD garantiza cumplir objetivos de Bosc"},"content":{"rendered":"<p>SANTO DOMINGO, Rep\u00fablica Dominicana.- Marcos Cross, miembro del Comit\u00e9 Central del PLD y presidente de la circunscripci\u00f3n No. 3 del exterior, declar\u00f3 que\u00a0 \u201cno hay marcha atr\u00e1s,\u00a0 este partido\u00a0 debe continuar la gesti\u00f3n de gobierno m\u00e1s all\u00e1 del 2020.<\/p>\n<p>Destac\u00f3 que \u201cla unidad interna nos garantiza cumplir los objetivos por los cuales Juan Bosch form\u00f3 esta organizaci\u00f3n\u00a0 y el triunfo de Leonel Fern\u00e1ndez en el 2020\u201d.<\/p>\n<p>Indic\u00f3 que su lucha no cesar\u00e1 nunca porque se debe a este partido y entiende que es el PLD el \u00fanico que tiene la visi\u00f3n para continuar dirigiendo los destinos del pa\u00eds.<\/p>\n<p>Manifest\u00f3 que con las experiencias de Estado que posee\u00a0 Leonel\u00a0 Fern\u00e1ndez, nadie quitar\u00e1 la victoria a este partido en las elecciones pr\u00f3xima.<\/p>\n<p>\u201cLa figura de Leonel Fern\u00e1ndez ha traspasado las fronteras de la Rep\u00fablica Dominicana. Juan Bosch lo catalog\u00f3 como un pedazo de oro a pulir y as\u00ed ocurri\u00f3 en el pasar de los a\u00f1os\u201d, sostuvo Cross<\/p>\n","protected":false},"excerpt":{"rendered":"<p>SANTO DOMINGO, Rep\u00fablica Dominicana.- Marcos Cross, miembro del Comit\u00e9 Central del PLD y presidente de la circunscripci\u00f3n No. 3 del exterior, declar\u00f3 que\u00a0 \u201cno hay marcha atr\u00e1s,\u00a0 este partido\u00a0 debe continuar la gesti\u00f3n de gobierno m\u00e1s all\u00e1 del 2020. Destac\u00f3 que \u201cla unidad interna nos garantiza cumplir los objetivos por los cuales Juan Bosch form\u00f3 [&hellip;]<\/p>\n","protected":false},"author":4,"featured_media":68210,"comment_status":"open","ping_status":"open","sticky":false,"template":"","format":"standard","meta":{"footnotes":""},"categories":[43,44],"tags":[],"class_list":["post-68209","post","type-post","status-publish","format-standard","has-post-thumbnail","hentry","category-politica","category-republica-dominicana"],"_links":{"self":[{"href":"https:\/\/2horizontes.com\/index.php?rest_route=\/wp\/v2\/posts\/68209","targetHints":{"allow":["GET"]}}],"collection":[{"href":"https:\/\/2horizontes.com\/index.php?rest_route=\/wp\/v2\/posts"}],"about":[{"href":"https:\/\/2horizontes.com\/index.php?rest_route=\/wp\/v2\/types\/post"}],"author":[{"embeddable":true,"href":"https:\/\/2horizontes.com\/index.php?rest_route=\/wp\/v2\/users\/4"}],"replies":[{"embeddable":true,"href":"https:\/\/2horizontes.com\/index.php?rest_route=%2Fwp%2Fv2%2Fcomments&post=68209"}],"version-history":[{"count":1,"href":"https:\/\/2horizontes.com\/index.php?rest_route=\/wp\/v2\/posts\/68209\/revisions"}],"predecessor-version":[{"id":68211,"href":"https:\/\/2horizontes.com\/index.php?rest_route=\/wp\/v2\/posts\/68209\/revisions\/68211"}],"wp:featuredmedia":[{"embeddable":true,"href":"https:\/\/2horizontes.com\/index.php?rest_route=\/wp\/v2\/media\/68210"}],"wp:attachment":[{"href":"https:\/\/2horizontes.com\/index.php?rest_route=%2Fwp%2Fv2%2Fmedia&parent=68209"}],"wp:term":[{"taxonomy":"category","embeddable":true,"href":"https:\/\/2horizontes.com\/index.php?rest_route=%2Fwp%2Fv2%2Fcategories&post=68209"},{"taxonomy":"post_tag","embeddable":true,"href":"https:\/\/2horizontes.com\/index.php?rest_route=%2Fwp%2Fv2%2Ftags&post=68209"}],"curies":[{"name":"wp","href":"https:\/\/api.w.org\/{rel}","templated":true}]}}