{"id":68206,"date":"2018-12-15T17:07:06","date_gmt":"2018-12-15T16:07:06","guid":{"rendered":"http:\/\/2horizontes.com\/?p=68206"},"modified":"2018-12-15T17:07:06","modified_gmt":"2018-12-15T16:07:06","slug":"sera-esta-noche-el-esperado-concierto-de-romeo-santos-en-centro-olimpico-de-santo-domingo","status":"publish","type":"post","link":"https:\/\/2horizontes.com\/?p=68206","title":{"rendered":"Ser\u00e1 esta noche el esperado concierto de Romeo Santos en Centro Ol\u00edmpico de Santo Domingo."},"content":{"rendered":"<p>SANTO DOMINGO.\u2013 El bachatero\u00a0<a href=\"https:\/\/eldia.com.do\/etiquetas\/romeo\/\">Romeo<\/a>\u00a0Santos se propone hacer galas esta noche del aprecio y admiraci\u00f3n de que goza en la Rep\u00fablica Dominicana en un espect\u00e1culo en el estadio\u00a0 Ol\u2019impico, en esta capital, en el que espera congregar miles de personas.<\/p>\n<p dir=\"ltr\">El artista, quien lleg\u00f3 al pais el jueves \u00faltimo en un jet privado,\u00a0 cantar\u00e1 para su p\u00fablico dominicano una selecci\u00f3n de canciones, junto a \u201cgrandes invitados\u201d.<\/p>\n<p dir=\"ltr\">El empresario Saymon D\u00edaz revel\u00f3 que\u00a0\u00a0las boletas est\u00e1n vendidas casi en un cien por ciento, y que el\u00a0<a href=\"https:\/\/eldia.com.do\/etiquetas\/montaje\/\">montaje<\/a>\u00a0est\u00e1 listo en su totalidad.<\/p>\n<p dir=\"ltr\">El concierto<\/p>\n<p dir=\"ltr\">El merenguero Ala Jaza y el cantante urbano El Alfa tendr\u00e1n a su cargo la apertura del evento.<\/p>\n<p dir=\"ltr\">\u201cTe puedo decir es que este concierto va a romper todos los esquemas y superar\u00e1 las presentaciones del 2008, 2012 y 201\u201d, expres\u00f3 Saymon Diaz, quien adelant\u00f3 que el espect\u00e1culo durar\u00e1 aproximadamente tres horas.<\/p>\n<p dir=\"ltr\">\u201cSer\u00e1n dos contrapartes importantes y un DJ, quien estar\u00e1 en tarima a partir de las 6:00 de la tarde. A eso de las 7:00 \u00f3 7:30 p.m. saldr\u00e1 Ala Jaza y m\u00e1s tarde, tipo 8:30 de la noche, estar\u00e1 El Alfa. Es decir, que desde que las puertas abran, a las 4:00 de la tarde, hay m\u00fasica\u201d, detall\u00f3 D\u00edaz durante un encuentro con la prensa frente al imponente escenario que se levanta en el Estadio F\u00e9lix S\u00e1nchez.<\/p>\n","protected":false},"excerpt":{"rendered":"<p>SANTO DOMINGO.\u2013 El bachatero\u00a0Romeo\u00a0Santos se propone hacer galas esta noche del aprecio y admiraci\u00f3n de que goza en la Rep\u00fablica Dominicana en un espect\u00e1culo en el estadio\u00a0 Ol\u2019impico, en esta capital, en el que espera congregar miles de personas. El artista, quien lleg\u00f3 al pais el jueves \u00faltimo en un jet privado,\u00a0 cantar\u00e1 para su [&hellip;]<\/p>\n","protected":false},"author":22776,"featured_media":68207,"comment_status":"open","ping_status":"open","sticky":false,"template":"","format":"standard","meta":{"footnotes":""},"categories":[1],"tags":[],"class_list":["post-68206","post","type-post","status-publish","format-standard","has-post-thumbnail","hentry","category-entretenimiento"],"_links":{"self":[{"href":"https:\/\/2horizontes.com\/index.php?rest_route=\/wp\/v2\/posts\/68206","targetHints":{"allow":["GET"]}}],"collection":[{"href":"https:\/\/2horizontes.com\/index.php?rest_route=\/wp\/v2\/posts"}],"about":[{"href":"https:\/\/2horizontes.com\/index.php?rest_route=\/wp\/v2\/types\/post"}],"author":[{"embeddable":true,"href":"https:\/\/2horizontes.com\/index.php?rest_route=\/wp\/v2\/users\/22776"}],"replies":[{"embeddable":true,"href":"https:\/\/2horizontes.com\/index.php?rest_route=%2Fwp%2Fv2%2Fcomments&post=68206"}],"version-history":[{"count":1,"href":"https:\/\/2horizontes.com\/index.php?rest_route=\/wp\/v2\/posts\/68206\/revisions"}],"predecessor-version":[{"id":68208,"href":"https:\/\/2horizontes.com\/index.php?rest_route=\/wp\/v2\/posts\/68206\/revisions\/68208"}],"wp:featuredmedia":[{"embeddable":true,"href":"https:\/\/2horizontes.com\/index.php?rest_route=\/wp\/v2\/media\/68207"}],"wp:attachment":[{"href":"https:\/\/2horizontes.com\/index.php?rest_route=%2Fwp%2Fv2%2Fmedia&parent=68206"}],"wp:term":[{"taxonomy":"category","embeddable":true,"href":"https:\/\/2horizontes.com\/index.php?rest_route=%2Fwp%2Fv2%2Fcategories&post=68206"},{"taxonomy":"post_tag","embeddable":true,"href":"https:\/\/2horizontes.com\/index.php?rest_route=%2Fwp%2Fv2%2Ftags&post=68206"}],"curies":[{"name":"wp","href":"https:\/\/api.w.org\/{rel}","templated":true}]}}