{"id":68159,"date":"2018-12-11T15:40:19","date_gmt":"2018-12-11T14:40:19","guid":{"rendered":"http:\/\/2horizontes.com\/?p=68159"},"modified":"2018-12-11T15:40:19","modified_gmt":"2018-12-11T14:40:19","slug":"el-2018-marcado-por-el-reclamo-de-dominicanos","status":"publish","type":"post","link":"https:\/\/2horizontes.com\/?p=68159","title":{"rendered":"El 2018 marcado por el reclamo de dominicanos"},"content":{"rendered":"<p>Desde inicios del a\u00f1o 2018, el pa\u00eds se convirti\u00f3 en el escenario de diferentes protesas con objetivos diferentes, siendo la principal y la que en m\u00e1s ocasiones ocurri\u00f3 la de los transportistas, quienes buscaban la disminuci\u00f3n del costo de los combustibles.<\/p>\n<p>Pero no solo la lucha de los transportistas uni\u00f3 a miles de personas, durante este a\u00f1o tambi\u00e9n la Iglesia Cat\u00f3lica luch\u00f3 para se mantenga la penalizaci\u00f3n del aborto; la Marcha Verde realiz\u00f3 su marcha del mill\u00f3n en busca de que termine \u201cla corrupci\u00f3n e impunidad\u201d.<\/p>\n<p>Tambi\u00e9n, miles se manifestaron en contra de los apagones; San Francisco de Macor\u00eds se uni\u00f3 en contra de la sentencia a Marlin Mart\u00ednez por la muerte de Emely Peguero; se realizaron manifestaciones en contra de la violencia contra la mujer y decenas de personas protestaron en contra de una posible reelecci\u00f3n del presidente Danilo Medina.<\/p>\n<p><strong>Protestas por combustibles<\/strong><br \/>\nDurante el a\u00f1o que finaliza se realizaron siete paros en el servicio del transporte p\u00fablico en diferentes puntos del pa\u00eds, siendo el motivo principal de estas manifestaciones demandar que el gobierno disminuya el precio de los combustibles.<\/p>\n<p>De los siete paros en el transporte p\u00fablico que se han realizado este a\u00f1o, tres han sido sorpresas, lo que ha provocado mayor caos en la capital dominicana, porque miles de personas sal\u00edan hacia sus destinos y se chocaron con la realidad de que no hab\u00eda transporte.<\/p>\n<p>Las huelgas siempre son anunciadas como pac\u00edficas, pero en todas ha estado presente la quema de neum\u00e1ticos, escombros en la calle y enfrentamientos entre polic\u00edas con los manifestantes.<\/p>\n<p><strong>Poca energ\u00eda el\u00e9ctrica<\/strong><br \/>\nEste a\u00f1o se registraron varias manifestaciones y protestas contra los apagones.<\/p>\n<p>En La Romana, cientos de personas marcharon en contra de Edeste por la escasa energ\u00eda el\u00e9ctrica que suministran.<\/p>\n<p>En otras zonas donde se han producido marchas es en diferentes barrios de la capital, donde los residentes aseguran que pasan m\u00e1s horas sin energ\u00eda el\u00e9ctrica que el tiempo que duran disfrutando de la misma.<\/p>\n<p><strong>Contra la corrupci\u00f3n e impunidad<\/strong><br \/>\nEn agosto, miles de dominicanos protestaron en la capital del pa\u00eds contra la corrupci\u00f3n estatal y la impunidad, en una manifestaci\u00f3n que llamaron \u201cla marcha del mill\u00f3n\u201d, que concluy\u00f3 con una proclama frente a la sede del Congreso Nacional.<\/p>\n<p>Vestidos de verde y llevando pancartas con mensajes contra la corrupci\u00f3n, los manifestantes principalmente de la capital y de sectores del interior, marcharon por la ciudad pidiendo \u201cenjuiciar\u201d y dar \u201cc\u00e1rcel a los corruptos\u201d de diferentes organismos gubernamentales.<\/p>\n<p>La masiva protesta fue organizada por el movimiento Marcha Verde, que desde 2017 tras el esc\u00e1ndalo de los sobornos de la constructora brasile\u00f1a Odebrecht, ha reclamado el fin de la corrupci\u00f3n y la impunidad.<\/p>\n<p>La movilizaci\u00f3n culmin\u00f3 con la lectura de un manifiesto y un montaje art\u00edstico en el Centro de los H\u00e9roes, al sur de la ciudad, donde tienen su sede varias instituciones p\u00fablicas, entre ellas el Congreso, la Suprema Corte de Justicia y la Procuradur\u00eda General.<\/p>\n<p>En la proclama, el movimiento prometi\u00f3\u00a0 mantener su lucha hasta \u201cque todos los que se han beneficiado de los contratos del Estado dominicano paguen\u201d.<\/p>\n<p><strong>CIUDADANOS EN CONTRA DE LA REELECCI\u00d3N DE MEDINA<\/strong><br \/>\nAnte la posibilidad de una modificaci\u00f3n a la Constituci\u00f3n que permita al presidente Danilo Medina optar por otro periodo presidencial, decenas de ciudadanos protestaron durante el 2018. Ciudadanas y Ciudadanos por la Destituci\u00f3n y la Constituyente realizaron en octubre un piquete en la avenida Duarte esquina Par\u00eds, en rechazo a una posible reelecci\u00f3n de Medina y a la continuidad del Partido de la Liberaci\u00f3n Dominicana en el Gobierno, considerando que el pa\u00eds no puede seguir con un partido que no trabaja por los ciudadanos dominicanos.<\/p>\n<p>VIOLENCIA<br \/>\nEn noviembre, decenas de mujeres marcharon con motivo del D\u00eda Internacional para la Eliminaci\u00f3n de la Violencia contra la Mujer. Cada a\u00f1o, en Rep\u00fablica Dominicana son asesinadas cientos de mujeres, pero el fen\u00f3meno va m\u00e1s all\u00e1. Las mujeres y tambi\u00e9n hombres, marcharon para que desaparezca el machismo y muchos hombres dejen de pensar que la mujer les pertenece.<\/p>\n<p><strong>LA IGLESIA MARCH\u00d3 CONTRA EL ABORTO\u00a0<\/strong><br \/>\nPor s\u00e9ptimo a\u00f1o consecutivo, en noviembre miles de personas se sumaron a la marcha \u201cUn paso por mi familia\u201d, la cual expres\u00f3 nuevamente su rechazo a la despenalizaci\u00f3n del aborto y cuyo lema este a\u00f1o fue \u201cSalvemos las dos vidas\u201d. Durante la marcha, la cual inici\u00f3 en la avenida George Washington con M\u00e1ximo G\u00f3mez, decenas de personas se iban sumando en las diferentes intersecciones del recorrido, mostrando de esa manera su apoyo a la peregrinaci\u00f3n.<\/p>\n","protected":false},"excerpt":{"rendered":"<p>Desde inicios del a\u00f1o 2018, el pa\u00eds se convirti\u00f3 en el escenario de diferentes protesas con objetivos diferentes, siendo la principal y la que en m\u00e1s ocasiones ocurri\u00f3 la de los transportistas, quienes buscaban la disminuci\u00f3n del costo de los combustibles. Pero no solo la lucha de los transportistas uni\u00f3 a miles de personas, durante [&hellip;]<\/p>\n","protected":false},"author":4,"featured_media":68160,"comment_status":"open","ping_status":"open","sticky":false,"template":"","format":"standard","meta":{"footnotes":""},"categories":[44],"tags":[],"class_list":["post-68159","post","type-post","status-publish","format-standard","has-post-thumbnail","hentry","category-republica-dominicana"],"_links":{"self":[{"href":"https:\/\/2horizontes.com\/index.php?rest_route=\/wp\/v2\/posts\/68159","targetHints":{"allow":["GET"]}}],"collection":[{"href":"https:\/\/2horizontes.com\/index.php?rest_route=\/wp\/v2\/posts"}],"about":[{"href":"https:\/\/2horizontes.com\/index.php?rest_route=\/wp\/v2\/types\/post"}],"author":[{"embeddable":true,"href":"https:\/\/2horizontes.com\/index.php?rest_route=\/wp\/v2\/users\/4"}],"replies":[{"embeddable":true,"href":"https:\/\/2horizontes.com\/index.php?rest_route=%2Fwp%2Fv2%2Fcomments&post=68159"}],"version-history":[{"count":1,"href":"https:\/\/2horizontes.com\/index.php?rest_route=\/wp\/v2\/posts\/68159\/revisions"}],"predecessor-version":[{"id":68161,"href":"https:\/\/2horizontes.com\/index.php?rest_route=\/wp\/v2\/posts\/68159\/revisions\/68161"}],"wp:featuredmedia":[{"embeddable":true,"href":"https:\/\/2horizontes.com\/index.php?rest_route=\/wp\/v2\/media\/68160"}],"wp:attachment":[{"href":"https:\/\/2horizontes.com\/index.php?rest_route=%2Fwp%2Fv2%2Fmedia&parent=68159"}],"wp:term":[{"taxonomy":"category","embeddable":true,"href":"https:\/\/2horizontes.com\/index.php?rest_route=%2Fwp%2Fv2%2Fcategories&post=68159"},{"taxonomy":"post_tag","embeddable":true,"href":"https:\/\/2horizontes.com\/index.php?rest_route=%2Fwp%2Fv2%2Ftags&post=68159"}],"curies":[{"name":"wp","href":"https:\/\/api.w.org\/{rel}","templated":true}]}}