{"id":68086,"date":"2018-12-06T15:49:15","date_gmt":"2018-12-06T14:49:15","guid":{"rendered":"http:\/\/2horizontes.com\/?p=68086"},"modified":"2018-12-06T15:49:15","modified_gmt":"2018-12-06T14:49:15","slug":"reglamento-de-primarias-estara-listo-hoy","status":"publish","type":"post","link":"https:\/\/2horizontes.com\/?p=68086","title":{"rendered":"Reglamento de primarias estar\u00e1 listo hoy"},"content":{"rendered":"<p>SANTO DOMINGO, Rep\u00fablica Dominicana.-\u00a0 Ser\u00e1 concluido hoy el reglamento que, entre otras cosas,\u00a0 establecer\u00e1 el costo de las primarias y los aportes que deber\u00e1n hacer los partidos as\u00ed como\u00a0 la relaci\u00f3n de plazos de la campa\u00f1a, el porcentaje para las alianzas y las reservas de candidaturas.<\/p>\n<p>Por el m\u00e9todo de las primarias han optado los partidos de la Liberaci\u00f3n Dominicana (PLD),\u00a0 Revolucionario Moderno (PRM), Alianza Pa\u00eds y Opci\u00f3n Democr\u00e1tica.\u00a0 \u00a0El primero las har\u00e1 con\u00a0\u00a0el padr\u00f3n de la JCE y los dem\u00e1s con los suyos propios.<\/p>\n<p>ElRevolucionario Dominicano (PRD) solo usar\u00e1 primarias para seleccionar su candidato a la presidencia de la Rep\u00fablica, usando el padr\u00f3n\u00a0 de la JCE.<\/p>\n<p>Los tres partidos que celebrar\u00e1n primarias deber\u00e1n asumir los RD$3,100 millones que se invertir\u00e1n en los procesos,\u00a0 a ser organizados, administrados, supervisados y arbitrados por la Junta Central.<\/p>\n<p>Para escoger sus candidatos a cargos electivos con miras a las elecciones del 2020, en cumplimiento del art\u00edculo 45 de la Ley 33-18 de Agrupaciones y Partidos Pol\u00edticos, las organizaciones pueden optar,\u00a0 adem\u00e1s de las primarias,\u00a0 por las modalidades de convenciones de delegados, militantes y de dirigentes as\u00ed c\u00f2mo\u00a0 de encuestas.<\/p>\n<p>Los que se han decidido por el m\u00e9todo de elecciones primarias, deber\u00e1n celebrarlas el primer domingo de octubre del a\u00f1o 2019.\u00a0 Para las dem\u00e1s modalidades ser\u00e1 a m\u00e1s tardar el \u00faltimo domingo del mismo mes de ese a\u00f1o preelectoral. Una vez elegidos los candidatos la proclamaci\u00f3n ser\u00e1 el 16 de octubre.<\/p>\n<p>&nbsp;<\/p>\n<p>sp-am<\/p>\n","protected":false},"excerpt":{"rendered":"<p>SANTO DOMINGO, Rep\u00fablica Dominicana.-\u00a0 Ser\u00e1 concluido hoy el reglamento que, entre otras cosas,\u00a0 establecer\u00e1 el costo de las primarias y los aportes que deber\u00e1n hacer los partidos as\u00ed como\u00a0 la relaci\u00f3n de plazos de la campa\u00f1a, el porcentaje para las alianzas y las reservas de candidaturas. Por el m\u00e9todo de las primarias han optado los [&hellip;]<\/p>\n","protected":false},"author":4,"featured_media":68087,"comment_status":"open","ping_status":"open","sticky":false,"template":"","format":"standard","meta":{"footnotes":""},"categories":[43,44],"tags":[],"class_list":["post-68086","post","type-post","status-publish","format-standard","has-post-thumbnail","hentry","category-politica","category-republica-dominicana"],"_links":{"self":[{"href":"https:\/\/2horizontes.com\/index.php?rest_route=\/wp\/v2\/posts\/68086","targetHints":{"allow":["GET"]}}],"collection":[{"href":"https:\/\/2horizontes.com\/index.php?rest_route=\/wp\/v2\/posts"}],"about":[{"href":"https:\/\/2horizontes.com\/index.php?rest_route=\/wp\/v2\/types\/post"}],"author":[{"embeddable":true,"href":"https:\/\/2horizontes.com\/index.php?rest_route=\/wp\/v2\/users\/4"}],"replies":[{"embeddable":true,"href":"https:\/\/2horizontes.com\/index.php?rest_route=%2Fwp%2Fv2%2Fcomments&post=68086"}],"version-history":[{"count":1,"href":"https:\/\/2horizontes.com\/index.php?rest_route=\/wp\/v2\/posts\/68086\/revisions"}],"predecessor-version":[{"id":68088,"href":"https:\/\/2horizontes.com\/index.php?rest_route=\/wp\/v2\/posts\/68086\/revisions\/68088"}],"wp:featuredmedia":[{"embeddable":true,"href":"https:\/\/2horizontes.com\/index.php?rest_route=\/wp\/v2\/media\/68087"}],"wp:attachment":[{"href":"https:\/\/2horizontes.com\/index.php?rest_route=%2Fwp%2Fv2%2Fmedia&parent=68086"}],"wp:term":[{"taxonomy":"category","embeddable":true,"href":"https:\/\/2horizontes.com\/index.php?rest_route=%2Fwp%2Fv2%2Fcategories&post=68086"},{"taxonomy":"post_tag","embeddable":true,"href":"https:\/\/2horizontes.com\/index.php?rest_route=%2Fwp%2Fv2%2Ftags&post=68086"}],"curies":[{"name":"wp","href":"https:\/\/api.w.org\/{rel}","templated":true}]}}