{"id":68083,"date":"2018-12-06T15:24:18","date_gmt":"2018-12-06T14:24:18","guid":{"rendered":"http:\/\/2horizontes.com\/?p=68083"},"modified":"2018-12-06T15:24:18","modified_gmt":"2018-12-06T14:24:18","slug":"espana-operan-dominicano-sin-posibilidades-en-su-pais","status":"publish","type":"post","link":"https:\/\/2horizontes.com\/?p=68083","title":{"rendered":"ESPA\u00d1A: Operan dominicano sin posibilidades en su pa\u00eds"},"content":{"rendered":"<p class=\"DETALLE_N_titulo \">MADRID(EFE).- Un dominicano de 16 a\u00f1os ha sido sometido con \u00e9xito a una cirug\u00eda compleja de angiofibroma nasal en un hospital madrile\u00f1o, ya que no dispon\u00eda de acceso quir\u00fargico en su pa\u00eds.<\/p>\n<div id=\"texto\" class=\"texto_txt\">\n<div class=\"DETALLE_N_texto \">\n<p><span id=\"ctl14_lblMostra\">El paciente, que ya regres\u00f3 a la Rep\u00fablica Dominicana, fue operado el pasado 23 de noviembre por un equipo multidisciplinar del Hospital de Torrej\u00f3n de Ardoz, en la regi\u00f3n de Madrid, inform\u00f3 hoy el centro sanitario.<\/span><\/p>\n<p>La dolencia era un tumor benigno formado por vasos sangu\u00edneos y tejido fibroso con riesgos muy elevados de cirug\u00eda debido, en este caso, al gran tama\u00f1o y situaci\u00f3n del mismo, lo que pon\u00eda en riesgo la vida del muchacho. Las dos intervenciones previas en Santo Domingo -le abrieron parte de la cara- hab\u00edan resultado fallidas.<\/p>\n<p>La \u00fanica opci\u00f3n ofrecida al adolescente en Santo Domingo fue la quimioterapia paliativa, sin ninguna alternativa quir\u00fargica.<\/p>\n<p>La ONG Nuestros Peque\u00f1os Hermanos se puso al habla con el Hospital de Torrej\u00f3n para la valoraci\u00f3n de la patolog\u00eda, y los especialistas m\u00e9dicos se decidieron por una cirug\u00eda endosc\u00f3pica, poco invasiva, a trav\u00e9s de la nariz, que result\u00f3 ser un \u00e9xito. El paciente recibi\u00f3 el alta cinco d\u00edas despu\u00e9s.<\/p>\n<p>El equipo estaba encabezado por la doctora Nieves Mata, jefa de Otorrinolaringolog\u00eda del Hospital de Torrej\u00f3n; y Alfredo Garc\u00eda Fern\u00e1ndez, jefe de Otorrinolaringolog\u00eda del Hospital 12 de Octubre de Madrid.<\/p>\n<p>\u201cEs muy estimulante enfrentarte a estos retos y sobre todo colaborar con ONG que permiten mejorar la vida de ni\u00f1os que no cuentan con recursos o con las opciones m\u00e9dicas necesarias\u201d, dijo la doctora Mata.<\/p>\n<\/div>\n<\/div>\n","protected":false},"excerpt":{"rendered":"<p>MADRID(EFE).- Un dominicano de 16 a\u00f1os ha sido sometido con \u00e9xito a una cirug\u00eda compleja de angiofibroma nasal en un hospital madrile\u00f1o, ya que no dispon\u00eda de acceso quir\u00fargico en su pa\u00eds. El paciente, que ya regres\u00f3 a la Rep\u00fablica Dominicana, fue operado el pasado 23 de noviembre por un equipo multidisciplinar del Hospital de [&hellip;]<\/p>\n","protected":false},"author":4,"featured_media":68084,"comment_status":"open","ping_status":"open","sticky":false,"template":"","format":"standard","meta":{"footnotes":""},"categories":[46,85,45],"tags":[],"class_list":["post-68083","post","type-post","status-publish","format-standard","has-post-thumbnail","hentry","category-dominicanos-en-madrid","category-espana","category-salud"],"_links":{"self":[{"href":"https:\/\/2horizontes.com\/index.php?rest_route=\/wp\/v2\/posts\/68083","targetHints":{"allow":["GET"]}}],"collection":[{"href":"https:\/\/2horizontes.com\/index.php?rest_route=\/wp\/v2\/posts"}],"about":[{"href":"https:\/\/2horizontes.com\/index.php?rest_route=\/wp\/v2\/types\/post"}],"author":[{"embeddable":true,"href":"https:\/\/2horizontes.com\/index.php?rest_route=\/wp\/v2\/users\/4"}],"replies":[{"embeddable":true,"href":"https:\/\/2horizontes.com\/index.php?rest_route=%2Fwp%2Fv2%2Fcomments&post=68083"}],"version-history":[{"count":1,"href":"https:\/\/2horizontes.com\/index.php?rest_route=\/wp\/v2\/posts\/68083\/revisions"}],"predecessor-version":[{"id":68085,"href":"https:\/\/2horizontes.com\/index.php?rest_route=\/wp\/v2\/posts\/68083\/revisions\/68085"}],"wp:featuredmedia":[{"embeddable":true,"href":"https:\/\/2horizontes.com\/index.php?rest_route=\/wp\/v2\/media\/68084"}],"wp:attachment":[{"href":"https:\/\/2horizontes.com\/index.php?rest_route=%2Fwp%2Fv2%2Fmedia&parent=68083"}],"wp:term":[{"taxonomy":"category","embeddable":true,"href":"https:\/\/2horizontes.com\/index.php?rest_route=%2Fwp%2Fv2%2Fcategories&post=68083"},{"taxonomy":"post_tag","embeddable":true,"href":"https:\/\/2horizontes.com\/index.php?rest_route=%2Fwp%2Fv2%2Ftags&post=68083"}],"curies":[{"name":"wp","href":"https:\/\/api.w.org\/{rel}","templated":true}]}}