{"id":68076,"date":"2018-12-05T23:05:29","date_gmt":"2018-12-05T22:05:29","guid":{"rendered":"http:\/\/2horizontes.com\/?p=68076"},"modified":"2018-12-05T23:05:29","modified_gmt":"2018-12-05T22:05:29","slug":"aduanas-inicio-la-gracia-navidena-a-dominicanos-ausentes-por-el-monto-de-us3000","status":"publish","type":"post","link":"https:\/\/2horizontes.com\/?p=68076","title":{"rendered":"Aduanas inici\u00f3 la \u201cGracia Navide\u00f1a\u201d a dominicanos ausentes por el monto de US$3,000"},"content":{"rendered":"<p class=\"m_-6900122136420595003ydp287be43MsoNormal\"><b>AEROPUERTO INTERNACIONAL DE LAS AM\u00c9RICAS.-\u00a0<\/b>La Direcci\u00f3n General de\u00a0Aduanas, aument\u00f3 a 3,000 d\u00f3lares el monto de la \u201cGracia Navide\u00f1a\u201d, con la que\u00a0dominicanos\u00a0residentes en el extranjero podr\u00e1n traer art\u00edculos y electrodom\u00e9sticos a sus familiares que no excedan esa cantidad.<\/p>\n<p class=\"m_-6900122136420595003ydp287be43MsoNormal\">La medida, que est\u00e1 contenida en la Ley 9-96 ya se est\u00e1 aplicando desde el s\u00e1bado 1 de diciembre y que dispone que cada dominicano pueda traer art\u00edculos y regalos que no sobrepasen los 3,000 d\u00f3lares permanecer\u00e1 hasta el siete de enero del pr\u00f3ximo a\u00f1o y aplica para los\u00a0dominicanos\u00a0residentes en el exterior con m\u00e1s de seis meses que no entran al pa\u00eds.<\/p>\n<p class=\"m_-6900122136420595003ydp287be43MsoNormal\">Televisores plasmas, equipos de m\u00fasica, computadoras, radios, ropas, juguetes y otros art\u00edculos eran entregados a los pasajeros que aplicaban para recibir la\u00a0gracia navide\u00f1a\u00a0\u00a0a su llegada al pa\u00eds, por la terminal de Las Am\u00e9ricas.<\/p>\n<p class=\"m_-6900122136420595003ydp287be43MsoNormal\">El supervisor general de\u00a0Aduanas\u00a0en la terminal de Las Am\u00e9ricas, Enr\u00edquez Red, dijo que se espera que la pr\u00f3xima semana, se incremente de manera significativa la llegada de los\u00a0dominicanos\u00a0radicados en Estados Unidos, Europa e islas del Caribe.<\/p>\n<p class=\"m_-6900122136420595003ydp287be43MsoNormal\">Se recuerda que el pasado a\u00f1o 2017, el gobierno a trav\u00e9s de la Direcci\u00f3n General de\u00a0Aduanas, aplic\u00f3 un monto de solo 1,500 d\u00f3lares la cantidad en regalos y art\u00edculos que pod\u00edan traer los criollos radicados en el extranjero con motivo de las fiestas navide\u00f1as.<\/p>\n<p class=\"m_-6900122136420595003ydp287be43MsoNormal\">Sin embargo, este a\u00f1o el monto en regalos y art\u00edculos fue aumentado a 3,000 d\u00f3lares, decisi\u00f3n que ha sido aplaudida por la di\u00e1spora dominicana en el exterior.<\/p>\n<p class=\"m_-6900122136420595003ydp287be43MsoNormal\">De su lado, el diputado de \u00a0ultramar por el Partido Revolucionario Dominicano (PRD), Rub\u00e9n Luna,\u00a0 salud\u00f3\u00a0\u00a0la iniciativa del presidente de la Rep\u00fablica Danilo Medina de aumentar el monto de la \u201cGracia Navide\u00f1a\u201d, a 3,000 d\u00f3lares.<\/p>\n<p class=\"m_-6900122136420595003ydp287be43MsoNormal\">Luna agradeci\u00f3 en nombre de la di\u00e1spora dominicana en el exterior la cual representa, la decisi\u00f3n del mandatario.<\/p>\n<p class=\"m_-6900122136420595003ydp287be43MsoNormal\">El legislador deposit\u00f3 en la C\u00e1mara de Diputados un proyecto de ley que busca modificar la Ley 9-96 de la\u00a0Gracia Navide\u00f1a, que permitir\u00eda a los\u00a0dominicanos\u00a0residentes en el exterior traer regalos a sus familiares \u00a0libres de impuestos por un valor equivalente a los tres mil d\u00f3lares.<\/p>\n<p class=\"m_-6900122136420595003ydp287be43MsoNormal\">El congresista explic\u00f3 que los 1,500 d\u00f3lares que aplic\u00f3 en las navidades del pasado a\u00f1o 2017 la Direcci\u00f3n General de\u00a0Aduanas, como\u00a0Gracia Navide\u00f1a, no fue suficiente para satisfacer las demandas de los viajeros.<\/p>\n","protected":false},"excerpt":{"rendered":"<p>AEROPUERTO INTERNACIONAL DE LAS AM\u00c9RICAS.-\u00a0La Direcci\u00f3n General de\u00a0Aduanas, aument\u00f3 a 3,000 d\u00f3lares el monto de la \u201cGracia Navide\u00f1a\u201d, con la que\u00a0dominicanos\u00a0residentes en el extranjero podr\u00e1n traer art\u00edculos y electrodom\u00e9sticos a sus familiares que no excedan esa cantidad. La medida, que est\u00e1 contenida en la Ley 9-96 ya se est\u00e1 aplicando desde el s\u00e1bado 1 de [&hellip;]<\/p>\n","protected":false},"author":22776,"featured_media":68077,"comment_status":"open","ping_status":"open","sticky":false,"template":"","format":"standard","meta":{"footnotes":""},"categories":[44],"tags":[185],"class_list":["post-68076","post","type-post","status-publish","format-standard","has-post-thumbnail","hentry","category-republica-dominicana","tag-gracia-navidena"],"_links":{"self":[{"href":"https:\/\/2horizontes.com\/index.php?rest_route=\/wp\/v2\/posts\/68076","targetHints":{"allow":["GET"]}}],"collection":[{"href":"https:\/\/2horizontes.com\/index.php?rest_route=\/wp\/v2\/posts"}],"about":[{"href":"https:\/\/2horizontes.com\/index.php?rest_route=\/wp\/v2\/types\/post"}],"author":[{"embeddable":true,"href":"https:\/\/2horizontes.com\/index.php?rest_route=\/wp\/v2\/users\/22776"}],"replies":[{"embeddable":true,"href":"https:\/\/2horizontes.com\/index.php?rest_route=%2Fwp%2Fv2%2Fcomments&post=68076"}],"version-history":[{"count":1,"href":"https:\/\/2horizontes.com\/index.php?rest_route=\/wp\/v2\/posts\/68076\/revisions"}],"predecessor-version":[{"id":68078,"href":"https:\/\/2horizontes.com\/index.php?rest_route=\/wp\/v2\/posts\/68076\/revisions\/68078"}],"wp:featuredmedia":[{"embeddable":true,"href":"https:\/\/2horizontes.com\/index.php?rest_route=\/wp\/v2\/media\/68077"}],"wp:attachment":[{"href":"https:\/\/2horizontes.com\/index.php?rest_route=%2Fwp%2Fv2%2Fmedia&parent=68076"}],"wp:term":[{"taxonomy":"category","embeddable":true,"href":"https:\/\/2horizontes.com\/index.php?rest_route=%2Fwp%2Fv2%2Fcategories&post=68076"},{"taxonomy":"post_tag","embeddable":true,"href":"https:\/\/2horizontes.com\/index.php?rest_route=%2Fwp%2Fv2%2Ftags&post=68076"}],"curies":[{"name":"wp","href":"https:\/\/api.w.org\/{rel}","templated":true}]}}