{"id":68067,"date":"2018-12-05T15:55:56","date_gmt":"2018-12-05T14:55:56","guid":{"rendered":"http:\/\/2horizontes.com\/?p=68067"},"modified":"2018-12-05T15:55:56","modified_gmt":"2018-12-05T14:55:56","slug":"dicen-pescadores-de-rd-presos-en-bahamas-viven-un-verdadero-infierno","status":"publish","type":"post","link":"https:\/\/2horizontes.com\/?p=68067","title":{"rendered":"Dicen pescadores de RD presos en Bahamas viven \u201cun verdadero infierno\u201d"},"content":{"rendered":"<p>SANTO DOMINGO.- Familiares de 174 pescadores dominicanos que cumplen condenas en c\u00e1rceles de Las Bahamas por haber incursionado ilegalmente en ese archipi\u00e9lago denunciaron que sus parientes duermen api\u00f1ados como sardinas.<\/p>\n<p>Dijeron que mantienen contacto telef\u00f3nico con los condenados, la mayor\u00eda de los cuales son nativos de las provincias Mar\u00eda Trinidad S\u00e1nchez, Montecristi y Puerto Plata.<\/p>\n<p>Nuestros familiares presos en Bahamas viven \u201cun verdadero infierno\u201d debido a que los recintos carcelarios donde han sido encerrados carecen de las m\u00ednimas condiciones f\u00edsicas.<\/p>\n<p>Revelaron que algunos est\u00e1n enfermando y otros presentan signos de desgaste f\u00edsico debido a la mala alimentaci\u00f3n.<\/p>\n<p>sp-am<\/p>\n","protected":false},"excerpt":{"rendered":"<p>SANTO DOMINGO.- Familiares de 174 pescadores dominicanos que cumplen condenas en c\u00e1rceles de Las Bahamas por haber incursionado ilegalmente en ese archipi\u00e9lago denunciaron que sus parientes duermen api\u00f1ados como sardinas. Dijeron que mantienen contacto telef\u00f3nico con los condenados, la mayor\u00eda de los cuales son nativos de las provincias Mar\u00eda Trinidad S\u00e1nchez, Montecristi y Puerto Plata. [&hellip;]<\/p>\n","protected":false},"author":4,"featured_media":68069,"comment_status":"open","ping_status":"open","sticky":false,"template":"","format":"standard","meta":{"footnotes":""},"categories":[44],"tags":[],"class_list":["post-68067","post","type-post","status-publish","format-standard","has-post-thumbnail","hentry","category-republica-dominicana"],"_links":{"self":[{"href":"https:\/\/2horizontes.com\/index.php?rest_route=\/wp\/v2\/posts\/68067","targetHints":{"allow":["GET"]}}],"collection":[{"href":"https:\/\/2horizontes.com\/index.php?rest_route=\/wp\/v2\/posts"}],"about":[{"href":"https:\/\/2horizontes.com\/index.php?rest_route=\/wp\/v2\/types\/post"}],"author":[{"embeddable":true,"href":"https:\/\/2horizontes.com\/index.php?rest_route=\/wp\/v2\/users\/4"}],"replies":[{"embeddable":true,"href":"https:\/\/2horizontes.com\/index.php?rest_route=%2Fwp%2Fv2%2Fcomments&post=68067"}],"version-history":[{"count":1,"href":"https:\/\/2horizontes.com\/index.php?rest_route=\/wp\/v2\/posts\/68067\/revisions"}],"predecessor-version":[{"id":68070,"href":"https:\/\/2horizontes.com\/index.php?rest_route=\/wp\/v2\/posts\/68067\/revisions\/68070"}],"wp:featuredmedia":[{"embeddable":true,"href":"https:\/\/2horizontes.com\/index.php?rest_route=\/wp\/v2\/media\/68069"}],"wp:attachment":[{"href":"https:\/\/2horizontes.com\/index.php?rest_route=%2Fwp%2Fv2%2Fmedia&parent=68067"}],"wp:term":[{"taxonomy":"category","embeddable":true,"href":"https:\/\/2horizontes.com\/index.php?rest_route=%2Fwp%2Fv2%2Fcategories&post=68067"},{"taxonomy":"post_tag","embeddable":true,"href":"https:\/\/2horizontes.com\/index.php?rest_route=%2Fwp%2Fv2%2Ftags&post=68067"}],"curies":[{"name":"wp","href":"https:\/\/api.w.org\/{rel}","templated":true}]}}