{"id":68059,"date":"2018-12-05T15:51:07","date_gmt":"2018-12-05T14:51:07","guid":{"rendered":"http:\/\/2horizontes.com\/?p=68059"},"modified":"2018-12-05T15:59:13","modified_gmt":"2018-12-05T14:59:13","slug":"no-al-pacto-migratorio-en-rd","status":"publish","type":"post","link":"https:\/\/2horizontes.com\/?p=68059","title":{"rendered":"No al Pacto Migratorio en RD"},"content":{"rendered":"<p><a href=\"http:\/\/2horizontes.com\/wp-content\/uploads\/2018\/12\/FB_IMG_1544021415775.jpg\"><img loading=\"lazy\" decoding=\"async\" class=\"alignnone size-medium wp-image-68065\" src=\"http:\/\/2horizontes.com\/wp-content\/uploads\/2018\/12\/FB_IMG_1544021415775-300x300.jpg\" alt=\"\" width=\"300\" height=\"300\" srcset=\"https:\/\/2horizontes.com\/wp-content\/uploads\/2018\/12\/FB_IMG_1544021415775-300x300.jpg 300w, https:\/\/2horizontes.com\/wp-content\/uploads\/2018\/12\/FB_IMG_1544021415775-150x150.jpg 150w, https:\/\/2horizontes.com\/wp-content\/uploads\/2018\/12\/FB_IMG_1544021415775-510x510.jpg 510w, https:\/\/2horizontes.com\/wp-content\/uploads\/2018\/12\/FB_IMG_1544021415775.jpg 640w\" sizes=\"auto, (max-width: 300px) 100vw, 300px\" \/><\/a><\/p>\n<p>La Patria pide justicia, equidad, sensatez y un alto a la corrupci\u00f3n e impunidad&#8230;<\/p>\n<p>Basta de mentiras, privilegios para unos cuantos, mientras la mayor\u00eda vive en condiciones de miseria y se tiene que conformar con las migajas de un fallido sistema viciado y promotor de la violencia social que en manos de nuestros hijos cada d\u00eda vemos caer en los \u00abfamosos intercambios de disparos\u00bb llevando luto y dolor, y llenando a las familias de rencor y frustraci\u00f3n lo que resalta por la crudeza de la violencia.<\/p>\n<p>Lo que m\u00e1s nos duele, es ver que todo esto lo generan quienes deben ser ejemplos, pol\u00edticos, funcionarios y empresarios.<\/p>\n<p>La Patria pide justicia, equidad, sensatez y un alto a la corrupci\u00f3n e impunidad&#8230;<\/p>\n<p>La Patria peligra, y m\u00e1s vale morir enfrentando a los agresores, que vivir arrodillados ante los verdugos que nos abusan sin piedad y sin el m\u00e1s m\u00ednimo sentido de la culpa y el remordimiento que al final, es y ser\u00e1 la causa del desorden y el caos.<\/p>\n<p>Que despues, no lloren como ni\u00f1os, lo que hoy no saben defender como hombres!!!<\/p>\n<p>Pedro Echavarr\u00eda<\/p>\n","protected":false},"excerpt":{"rendered":"<p>La Patria pide justicia, equidad, sensatez y un alto a la corrupci\u00f3n e impunidad&#8230; Basta de mentiras, privilegios para unos cuantos, mientras la mayor\u00eda vive en condiciones de miseria y se tiene que conformar con las migajas de un fallido sistema viciado y promotor de la violencia social que en manos de nuestros hijos cada [&hellip;]<\/p>\n","protected":false},"author":22776,"featured_media":68065,"comment_status":"open","ping_status":"open","sticky":false,"template":"","format":"standard","meta":{"footnotes":""},"categories":[82,44],"tags":[182,181],"class_list":["post-68059","post","type-post","status-publish","format-standard","has-post-thumbnail","hentry","category-opinion","category-republica-dominicana","tag-migratorio","tag-no-al-apacto"],"_links":{"self":[{"href":"https:\/\/2horizontes.com\/index.php?rest_route=\/wp\/v2\/posts\/68059","targetHints":{"allow":["GET"]}}],"collection":[{"href":"https:\/\/2horizontes.com\/index.php?rest_route=\/wp\/v2\/posts"}],"about":[{"href":"https:\/\/2horizontes.com\/index.php?rest_route=\/wp\/v2\/types\/post"}],"author":[{"embeddable":true,"href":"https:\/\/2horizontes.com\/index.php?rest_route=\/wp\/v2\/users\/22776"}],"replies":[{"embeddable":true,"href":"https:\/\/2horizontes.com\/index.php?rest_route=%2Fwp%2Fv2%2Fcomments&post=68059"}],"version-history":[{"count":4,"href":"https:\/\/2horizontes.com\/index.php?rest_route=\/wp\/v2\/posts\/68059\/revisions"}],"predecessor-version":[{"id":68072,"href":"https:\/\/2horizontes.com\/index.php?rest_route=\/wp\/v2\/posts\/68059\/revisions\/68072"}],"wp:featuredmedia":[{"embeddable":true,"href":"https:\/\/2horizontes.com\/index.php?rest_route=\/wp\/v2\/media\/68065"}],"wp:attachment":[{"href":"https:\/\/2horizontes.com\/index.php?rest_route=%2Fwp%2Fv2%2Fmedia&parent=68059"}],"wp:term":[{"taxonomy":"category","embeddable":true,"href":"https:\/\/2horizontes.com\/index.php?rest_route=%2Fwp%2Fv2%2Fcategories&post=68059"},{"taxonomy":"post_tag","embeddable":true,"href":"https:\/\/2horizontes.com\/index.php?rest_route=%2Fwp%2Fv2%2Ftags&post=68059"}],"curies":[{"name":"wp","href":"https:\/\/api.w.org\/{rel}","templated":true}]}}