{"id":68050,"date":"2018-12-04T11:19:00","date_gmt":"2018-12-04T10:19:00","guid":{"rendered":"http:\/\/2horizontes.com\/?p=68050"},"modified":"2018-12-04T11:19:00","modified_gmt":"2018-12-04T10:19:00","slug":"el-gobierno-dominicano-fijara-este-martes-posicion-pacto-migratorio","status":"publish","type":"post","link":"https:\/\/2horizontes.com\/?p=68050","title":{"rendered":"El Gobierno dominicano fijar\u00e1 este martes posici\u00f3n pacto migratorio"},"content":{"rendered":"<div class=\"post_author\">\n<ul>\n<li>\n<div class=\"buttons\" data-element=\"buttons\"><b>arte:<\/b>\u00a0<i class=\"fa fa-facebook\"><\/i>\u00a0<i class=\"fa fa-twitter \"><\/i>\u00a0<i class=\"fa fa-google-plus \"><\/i>\u00a0<i class=\"fa fa-whatsapp \"><\/i><\/div>\n<\/li>\n<\/ul>\n<\/div>\n<div class=\"entry-content\">\n<p><iframe loading=\"lazy\" src=\"https:\/\/www.youtube.com\/embed\/V3-GK986SCY?feature=oembed\" width=\"500\" height=\"281\" frameborder=\"0\" allowfullscreen=\"allowfullscreen\" data-mce-fragment=\"1\"><\/iframe><\/p>\n<div id=\"texto\" class=\"texto_txt\">\n<div class=\"DETALLE_N_texto \">\n<p class=\"text-align-justify\" data-userway-font-size=\"18\">SANTO DOMINGO.- El Gobierno dominicano fijar\u00e1 este martes su posici\u00f3n sobre el Pacto Mundial de Migraci\u00f3n que conocer\u00e1 la Organizaci\u00f3n de las Naciones Unidas (ONU) el 10 y 11 de este mes en Marruecos.<\/p>\n<p>As\u00ed lo inform\u00f3 la noche de este lunes el vocero de la Presidencia, Roberto Rodr\u00edguez Marchena en su cuenta en la red social Twitter, quien adelant\u00f3 que el anuncio ser\u00e1 desde el sal\u00f3n Orlando Mart\u00ednez, del Palacio Nacional<\/p>\n<p class=\"text-align-justify\" data-userway-font-size=\"18\">Mas temprano, Rodr\u00edguez Marchena precis\u00f3 que ante las inquietudes suscitadas por la eventual firma del Pacto Mundial Migratorio (Pacto Mundial para la Migraci\u00f3n Segura de la Organizaci\u00f3n de las Naciones Unidas (ONU)), el Gobierno conform\u00f3 una comisi\u00f3n que entregar\u00e1 un informe en horas de\u00a0la tarde.<\/p>\n<p class=\"text-align-justify\" data-userway-font-size=\"18\">Indic\u00f3 que la comisi\u00f3n interinstitucional creada por Danilo Medina tiene como prop\u00f3sito analizar los dos pactos previstos a firmar en Marrakech, Marruecos, los d\u00edas 10 y 11 de este mes y hacer las recomendaciones de lugar al jefe de Estado.<\/p>\n<p class=\"text-align-justify\" data-userway-font-size=\"18\">La comisi\u00f3n es integrada por el ministro de la Presidencia, Gustavo Montalvo, quien la encabeza; as\u00ed como los ministros de Relaciones Exteriores y de Interior y Polic\u00eda, Miguel Vargas y Jos\u00e9 Ram\u00f3n Fadul.<\/p>\n<p class=\"text-align-justify\" data-userway-font-size=\"18\">Igualmente, el consultor jur\u00eddico del Poder Ejecutivo, Flavio Dar\u00edo Espinal; y el director de Informaci\u00f3n, An\u00e1lisis y Programaci\u00f3n Estrat\u00e9gica de la Presidencia (DIAPE), Ram\u00f3n Tejada Holgu\u00edn.<\/p>\n<p class=\"text-align-justify\" data-userway-font-size=\"18\">\u201cEllos est\u00e1n trabajando para dar su opini\u00f3n sobre estos previsibles pactos al presidente de la Rep\u00fablica. Cuando el informe le sea remitido y el jefe de Estado tome una decisi\u00f3n, pues se har\u00e1 de conocimiento p\u00fablico\u201d.<\/p>\n<p class=\"text-align-justify\" data-userway-font-size=\"18\">Record\u00f3 que el Presidente es quien toma las decisiones sobre la pol\u00edtica exterior dominicana.<\/p>\n<p data-userway-font-size=\"18\">of-am<\/p>\n<\/div>\n<\/div>\n<\/div>\n","protected":false},"excerpt":{"rendered":"<p>arte:\u00a0\u00a0\u00a0\u00a0 SANTO DOMINGO.- El Gobierno dominicano fijar\u00e1 este martes su posici\u00f3n sobre el Pacto Mundial de Migraci\u00f3n que conocer\u00e1 la Organizaci\u00f3n de las Naciones Unidas (ONU) el 10 y 11 de este mes en Marruecos. As\u00ed lo inform\u00f3 la noche de este lunes el vocero de la Presidencia, Roberto Rodr\u00edguez Marchena en su cuenta en [&hellip;]<\/p>\n","protected":false},"author":22776,"featured_media":68052,"comment_status":"open","ping_status":"open","sticky":false,"template":"","format":"standard","meta":{"footnotes":""},"categories":[40,83,44],"tags":[],"class_list":["post-68050","post","type-post","status-publish","format-standard","has-post-thumbnail","hentry","category-internacionales","category-reportajes","category-republica-dominicana"],"_links":{"self":[{"href":"https:\/\/2horizontes.com\/index.php?rest_route=\/wp\/v2\/posts\/68050","targetHints":{"allow":["GET"]}}],"collection":[{"href":"https:\/\/2horizontes.com\/index.php?rest_route=\/wp\/v2\/posts"}],"about":[{"href":"https:\/\/2horizontes.com\/index.php?rest_route=\/wp\/v2\/types\/post"}],"author":[{"embeddable":true,"href":"https:\/\/2horizontes.com\/index.php?rest_route=\/wp\/v2\/users\/22776"}],"replies":[{"embeddable":true,"href":"https:\/\/2horizontes.com\/index.php?rest_route=%2Fwp%2Fv2%2Fcomments&post=68050"}],"version-history":[{"count":1,"href":"https:\/\/2horizontes.com\/index.php?rest_route=\/wp\/v2\/posts\/68050\/revisions"}],"predecessor-version":[{"id":68053,"href":"https:\/\/2horizontes.com\/index.php?rest_route=\/wp\/v2\/posts\/68050\/revisions\/68053"}],"wp:featuredmedia":[{"embeddable":true,"href":"https:\/\/2horizontes.com\/index.php?rest_route=\/wp\/v2\/media\/68052"}],"wp:attachment":[{"href":"https:\/\/2horizontes.com\/index.php?rest_route=%2Fwp%2Fv2%2Fmedia&parent=68050"}],"wp:term":[{"taxonomy":"category","embeddable":true,"href":"https:\/\/2horizontes.com\/index.php?rest_route=%2Fwp%2Fv2%2Fcategories&post=68050"},{"taxonomy":"post_tag","embeddable":true,"href":"https:\/\/2horizontes.com\/index.php?rest_route=%2Fwp%2Fv2%2Ftags&post=68050"}],"curies":[{"name":"wp","href":"https:\/\/api.w.org\/{rel}","templated":true}]}}