{"id":68034,"date":"2018-11-22T14:55:18","date_gmt":"2018-11-22T13:55:18","guid":{"rendered":"http:\/\/2horizontes.com\/?p=68034"},"modified":"2018-11-22T14:55:19","modified_gmt":"2018-11-22T13:55:19","slug":"cifra-de-feminicidios-en-republica-dominicana-se-redujo-18-este-ano","status":"publish","type":"post","link":"https:\/\/2horizontes.com\/?p=68034","title":{"rendered":"Cifra de feminicidios en Rep\u00fablica Dominicana se redujo 18% este a\u00f1o"},"content":{"rendered":"<p class=\"DETALLE_N_titulo \">SANTO DOMINGO (EFE).- Los feminicidios se redujeron un 18 % en la Rep\u00fablica Dominicana en el \u00faltimo a\u00f1o, a ra\u00edz de la implementaci\u00f3n del Plan Nacional Contra la Violencia de G\u00e9nero, afirm\u00f3 el procurador general del pa\u00eds, Jean Alain Rodr\u00edguez.<\/p>\n<div id=\"texto\" class=\"texto_txt\">\n<div class=\"DETALLE_N_texto \">\n<p><span id=\"ctl14_lblMostra\">Entre noviembre 2016 y octubre 2017 se registraron 107 feminicidios, cifra que ha bajado hasta los 88 en el per\u00edodo que va desde noviembre del a\u00f1o pasado hasta octubre 2018, lo que supone 19 muertes menos de mujeres a causa de la violencia de g\u00e9nero en este \u00faltimo a\u00f1o.<\/span><\/p>\n<p>\u201cTodav\u00eda es una cifra alta\u201d, reconoci\u00f3 Rodr\u00edguez durante el Encuentro \u201cAbordaje Integral de la Violencia de G\u00e9nero: Avances y Desaf\u00edos en la Rep\u00fablica Dominicana\u201d, realizado en el marco de los actos del D\u00eda Internacional de la Eliminaci\u00f3n de la Violencia contra la Mujer, que se conmemora el pr\u00f3ximo 25 de noviembre.<\/p>\n<p>Durante la actividad, el procurador present\u00f3 los avances del Plan Nacional Contra la Violencia de G\u00e9nero en su primer a\u00f1o de implementaci\u00f3n, que incluyen la inauguraci\u00f3n de siete unidades de atenci\u00f3n a v\u00edctimas, la capacitaci\u00f3n de fiscales, polic\u00edas, m\u00e9dicos y enfermeras, as\u00ed como la realizaci\u00f3n de jornadas de concienciaci\u00f3n.<\/p>\n<p>El plan \u201ces un esfuerzo enfocado en la acci\u00f3n, con medidas concretas y visi\u00f3n integral, con tres objetivos bien estructurados y realizables, que procuran prevenir generando conciencia; perseguir fomentando la denuncia; y prestar atenci\u00f3n m\u00e1s eficaz a las v\u00edctimas\u201d, explic\u00f3.<\/p>\n<\/div>\n<\/div>\n","protected":false},"excerpt":{"rendered":"<p>SANTO DOMINGO (EFE).- Los feminicidios se redujeron un 18 % en la Rep\u00fablica Dominicana en el \u00faltimo a\u00f1o, a ra\u00edz de la implementaci\u00f3n del Plan Nacional Contra la Violencia de G\u00e9nero, afirm\u00f3 el procurador general del pa\u00eds, Jean Alain Rodr\u00edguez. Entre noviembre 2016 y octubre 2017 se registraron 107 feminicidios, cifra que ha bajado hasta [&hellip;]<\/p>\n","protected":false},"author":4,"featured_media":68035,"comment_status":"open","ping_status":"open","sticky":false,"template":"","format":"standard","meta":{"footnotes":""},"categories":[44],"tags":[],"class_list":["post-68034","post","type-post","status-publish","format-standard","has-post-thumbnail","hentry","category-republica-dominicana"],"_links":{"self":[{"href":"https:\/\/2horizontes.com\/index.php?rest_route=\/wp\/v2\/posts\/68034","targetHints":{"allow":["GET"]}}],"collection":[{"href":"https:\/\/2horizontes.com\/index.php?rest_route=\/wp\/v2\/posts"}],"about":[{"href":"https:\/\/2horizontes.com\/index.php?rest_route=\/wp\/v2\/types\/post"}],"author":[{"embeddable":true,"href":"https:\/\/2horizontes.com\/index.php?rest_route=\/wp\/v2\/users\/4"}],"replies":[{"embeddable":true,"href":"https:\/\/2horizontes.com\/index.php?rest_route=%2Fwp%2Fv2%2Fcomments&post=68034"}],"version-history":[{"count":1,"href":"https:\/\/2horizontes.com\/index.php?rest_route=\/wp\/v2\/posts\/68034\/revisions"}],"predecessor-version":[{"id":68036,"href":"https:\/\/2horizontes.com\/index.php?rest_route=\/wp\/v2\/posts\/68034\/revisions\/68036"}],"wp:featuredmedia":[{"embeddable":true,"href":"https:\/\/2horizontes.com\/index.php?rest_route=\/wp\/v2\/media\/68035"}],"wp:attachment":[{"href":"https:\/\/2horizontes.com\/index.php?rest_route=%2Fwp%2Fv2%2Fmedia&parent=68034"}],"wp:term":[{"taxonomy":"category","embeddable":true,"href":"https:\/\/2horizontes.com\/index.php?rest_route=%2Fwp%2Fv2%2Fcategories&post=68034"},{"taxonomy":"post_tag","embeddable":true,"href":"https:\/\/2horizontes.com\/index.php?rest_route=%2Fwp%2Fv2%2Ftags&post=68034"}],"curies":[{"name":"wp","href":"https:\/\/api.w.org\/{rel}","templated":true}]}}