{"id":68031,"date":"2018-11-22T14:51:16","date_gmt":"2018-11-22T13:51:16","guid":{"rendered":"http:\/\/2horizontes.com\/?p=68031"},"modified":"2018-11-22T14:51:16","modified_gmt":"2018-11-22T13:51:16","slug":"opinion-no-al-muro","status":"publish","type":"post","link":"https:\/\/2horizontes.com\/?p=68031","title":{"rendered":"OPINION: \u00a1No al muro!"},"content":{"rendered":"<p>Por principios no estoy de acuerdo con los muros m\u00e1s ideol\u00f3gicos, xen\u00f3fobos, clasistas y raciales que de concreto armados o alambrados electrificados, sirven para separar a los seres humanos como si fueran animales.<\/p>\n<p>Los muros forman parte de un pasado lejano que se supone superado tras la desaparici\u00f3n de la Uni\u00f3n de Rep\u00fablicas Sovi\u00e9ticas, el derribamiento del \u201cMuro de Berl\u00edn\u201d que dividi\u00f3 Alemana y el fin de la Guerra Fr\u00eda, residuos de la Segunda Guerra Mundial que le cost\u00f3 a la humanidad 50 millones de vidas. Pero no ha sido as\u00ed. La sin raz\u00f3n, la ceguera, las clases sociales amarradas al poder; los que predican la paz, pero hacen las guerras, insisten en la \u201cexplotaci\u00f3n del hombre por el hombre mismo\u201d a pesar del desarrollo exponencial de la ciencia, la tecnolog\u00eda y la cultura.<\/p>\n<p>En el Per\u00fa los ricos han construido un muro de m\u00e1s de diez kil\u00f3metros (\u201cel muro de la verg\u00fcenza) \u00a0que los separa y a\u00edsla de los pobres hambrientos y desnudos creados por ellos mismos. En Brasil por igual, otro muro. Las favelas constituyen un problema para las clases pudientes, debido a los altos \u00edndice de violencia, delincuencia y criminalidad. Argentina y Paraguay discuten por el levantamiento de un muro de 1,300 metros que separa dos ciudades de ambos pueblos. El \u201cmuro de la degradaci\u00f3n racial\u201d (muro del odio) que construye desde hace m\u00e1s de diez a\u00f1os Israel en territorio Palestino, es sin duda un absurdo y una verg\u00fcenza. El muro, construido hace mucho por Estados Unidos despu\u00e9s de haberle robado m\u00e1s de dos millones de kil\u00f3metros cuadrados a M\u00e9xico, no debi\u00f3 existir nunca. (Hasta la \u201cMuralla China\u201d, que lleg\u00f3 a tener m\u00e1s de 21 mil kil\u00f3metros, construida para proteger al coloso de las invasiones,\u00a0 hoy solo tiene sentido tur\u00edstico)<\/p>\n<p>No hay m\u00e1s \u201craza\u201d que la humana, ni m\u00e1s fronteras que las que produce la naturaleza. El pa\u00eds de todos, el que debemos proteger y cuidar celosamente, es el planeta, al que, sin embargo, la torpeza y la incompetencia humana ha ido depredando y destruyendo durante miles de a\u00f1os sin percatarse de que se est\u00e1 aniquilando a s\u00ed misma.<\/p>\n<p>El uno por ciento de los humanos tiene todo lo que precisa el 99 por ciento. La desigualdad no puede ser m\u00e1s devastadora. Mil 300 millones de toneladas de alimentos se echan a la basura todos los a\u00f1os, suficiente para alimentar a m\u00e1s de dos mil millones de personas. En Am\u00e9rica Latina se tiran en los zafacones 127 millones de toneladas de comida, pero tiene m\u00e1s de 47\u00a0 millones de hambrientos, seg\u00fan las estad\u00edsticas de organismos de la ONU. (Brasil,\u00a0 Argentina, Colombia y M\u00e9xico son los pa\u00edses de la regi\u00f3n que m\u00e1s alimentos desperdician)<\/p>\n<p>El problema est\u00e1, pues, en la inequidad, en la pobreza. Hoy d\u00eda nadie deber\u00eda tener hambre y no encontrar que comer; hoy d\u00eda ning\u00fan ni\u00f1o debe morir por falta de atenci\u00f3n m\u00e9dica, no importa donde haya nacido, cual sea su religi\u00f3n o el color de su piel.<\/p>\n<p>No hay un muro m\u00e1s alto ni m\u00e1s grande, que la pobreza y el hambre que padecen casi mil millones de personas. (Ning\u00fan ser humano en el planeta debe acostarse sin comer. Comida hay en los vertederos del mundo)<\/p>\n<p>Hait\u00ed es un problema por m\u00faltiples razones, algunas de ellas de car\u00e1cter hist\u00f3rico, que han servido para que algunos grupos de dominicanos llamados \u201cnacionalistas\u201d, fomenten el racismo, el odio y la venganza. Hait\u00ed no es un pa\u00eds, lamentablemente. La comunidad internacional tendr\u00e1 que buscarle una soluci\u00f3n en alg\u00fan momento. (Un pobre, sin agua, ni comida, desnudo y descalzo, no puede cargar sobre sus hombros a otro pobre en peores condiciones. Morir\u00edan los dos)<\/p>\n<p>La Rep\u00fablica Dominicana es un problema para los propios dominicanos que no han sabido aprovechar las oportunidades para desarrollarse, manteni\u00e9ndose en el \u00a0atraso, creando una sociedad de servicios, (sirvientes y sirvientas), destruyendo su aparato productivo, que se mantiene de pies gracias a un endeudamiento que se torna insuperable. (La deuda es una bomba de tiempo cuya explosi\u00f3n ser\u00e1 catastr\u00f3fica para todos, incluso para los verdaderos due\u00f1os del pa\u00eds)<\/p>\n<p>Los muros de concreto no resuelven los problemas, los agudizan. Que nadie me hable de construir un muro. \u00a1El muro contra los haitianos, ideol\u00f3gico, odio y xenofobia, ya est\u00e1 hecho!<\/p>\n","protected":false},"excerpt":{"rendered":"<p>Por principios no estoy de acuerdo con los muros m\u00e1s ideol\u00f3gicos, xen\u00f3fobos, clasistas y raciales que de concreto armados o alambrados electrificados, sirven para separar a los seres humanos como si fueran animales. Los muros forman parte de un pasado lejano que se supone superado tras la desaparici\u00f3n de la Uni\u00f3n de Rep\u00fablicas Sovi\u00e9ticas, el [&hellip;]<\/p>\n","protected":false},"author":4,"featured_media":68032,"comment_status":"open","ping_status":"open","sticky":false,"template":"","format":"standard","meta":{"footnotes":""},"categories":[47,82,44],"tags":[],"class_list":["post-68031","post","type-post","status-publish","format-standard","has-post-thumbnail","hentry","category-haiti","category-opinion","category-republica-dominicana"],"_links":{"self":[{"href":"https:\/\/2horizontes.com\/index.php?rest_route=\/wp\/v2\/posts\/68031","targetHints":{"allow":["GET"]}}],"collection":[{"href":"https:\/\/2horizontes.com\/index.php?rest_route=\/wp\/v2\/posts"}],"about":[{"href":"https:\/\/2horizontes.com\/index.php?rest_route=\/wp\/v2\/types\/post"}],"author":[{"embeddable":true,"href":"https:\/\/2horizontes.com\/index.php?rest_route=\/wp\/v2\/users\/4"}],"replies":[{"embeddable":true,"href":"https:\/\/2horizontes.com\/index.php?rest_route=%2Fwp%2Fv2%2Fcomments&post=68031"}],"version-history":[{"count":1,"href":"https:\/\/2horizontes.com\/index.php?rest_route=\/wp\/v2\/posts\/68031\/revisions"}],"predecessor-version":[{"id":68033,"href":"https:\/\/2horizontes.com\/index.php?rest_route=\/wp\/v2\/posts\/68031\/revisions\/68033"}],"wp:featuredmedia":[{"embeddable":true,"href":"https:\/\/2horizontes.com\/index.php?rest_route=\/wp\/v2\/media\/68032"}],"wp:attachment":[{"href":"https:\/\/2horizontes.com\/index.php?rest_route=%2Fwp%2Fv2%2Fmedia&parent=68031"}],"wp:term":[{"taxonomy":"category","embeddable":true,"href":"https:\/\/2horizontes.com\/index.php?rest_route=%2Fwp%2Fv2%2Fcategories&post=68031"},{"taxonomy":"post_tag","embeddable":true,"href":"https:\/\/2horizontes.com\/index.php?rest_route=%2Fwp%2Fv2%2Ftags&post=68031"}],"curies":[{"name":"wp","href":"https:\/\/api.w.org\/{rel}","templated":true}]}}