{"id":68022,"date":"2018-11-22T14:35:41","date_gmt":"2018-11-22T13:35:41","guid":{"rendered":"http:\/\/2horizontes.com\/?p=68022"},"modified":"2018-11-22T14:35:41","modified_gmt":"2018-11-22T13:35:41","slug":"senado-aprueba-ley-establece-40-anos-carcel-a-quien-cometa-feminicidio","status":"publish","type":"post","link":"https:\/\/2horizontes.com\/?p=68022","title":{"rendered":"Senado aprueba ley establece 40 a\u00f1os c\u00e1rcel a quien cometa feminicidio"},"content":{"rendered":"<p class=\"DETALLE_N_titulo \">SANTO DOMINGO (EFE).- El Senado de la Rep\u00fablica aprob\u00f3 en segunda lectura el proyecto de ley que crea el Sistema integral de prevenci\u00f3n, atenci\u00f3n y erradicaci\u00f3n de la violencia contra las mujeres, y que establece una sanci\u00f3n de 40 a\u00f1os de c\u00e1rcel para quien cometa feminicidio.<\/p>\n<div id=\"texto\" class=\"texto_txt\">\n<div class=\"DETALLE_N_texto \">\n<p><span id=\"ctl14_lblMostra\">La pieza tiene por objeto implementar pol\u00edticas p\u00fablicas orientadas al reconocimiento y las garant\u00edas de sus derechos y la tipificaci\u00f3n de los diferentes tipos de violencia.<\/span><\/p>\n<p>Asimismo, aprueba sanciones contra la violencia econ\u00f3mica y patrimonial con la pena correspondiente a la violencia psicol\u00f3gica establecida en el C\u00f3digo Penal.<\/p>\n<p>Tambi\u00e9n, contempla castigo a la violencia medi\u00e1tica con prisi\u00f3n y multa de dos a tres salarios m\u00ednimos, en caso de las personas f\u00edsicas, y de cuatro a ocho salarios m\u00ednimos a las personas morales.<\/p>\n<p>El proyecto busca detectar e identificar los factores que originan los actos de violencia.<\/p>\n<p>En uno de sus art\u00edculos, el proyecto dispone que la Direcci\u00f3n General de Migraci\u00f3n no podr\u00e1 deportar las mujeres migrantes indocumentadas que denuncien o requieran de la atenci\u00f3n integral frente a actos de violencia en su contra por su condici\u00f3n de g\u00e9nero, mientras dure el proceso.<\/p>\n<p>El proyecto de F\u00e9lix Bautista, senador por la provincia de San Juan, identifica los maltratos contra las mujeres, en todas las etapas de su vida, en el \u00e1mbito p\u00fablico como privado, estableciendo modelos de detecci\u00f3n de acuerdo a los tipos y modalidades de violencia.<\/p>\n<p>Los senadores aprobaron, adem\u00e1s, el proyecto de ley org\u00e1nica de regiones \u00fanicas de planificaci\u00f3n de la Rep\u00fablica Dominicana, as\u00ed como el que regula la profesi\u00f3n odontol\u00f3gica y crea el Colegio Dominicano de Odontolog\u00eda.<\/p>\n<p>El Senado tambi\u00e9n aprob\u00f3 la designaci\u00f3n por parte del Poder Ejecutivo de Mayb\u00e9 S\u00e1nchez, Federico Cuello y El\u00edas Rafael Serulle como embajadores en Alemania, Qatar y Turqu\u00eda. respectivamente.<\/p>\n<\/div>\n<\/div>\n","protected":false},"excerpt":{"rendered":"<p>SANTO DOMINGO (EFE).- El Senado de la Rep\u00fablica aprob\u00f3 en segunda lectura el proyecto de ley que crea el Sistema integral de prevenci\u00f3n, atenci\u00f3n y erradicaci\u00f3n de la violencia contra las mujeres, y que establece una sanci\u00f3n de 40 a\u00f1os de c\u00e1rcel para quien cometa feminicidio. La pieza tiene por objeto implementar pol\u00edticas p\u00fablicas orientadas [&hellip;]<\/p>\n","protected":false},"author":4,"featured_media":68023,"comment_status":"open","ping_status":"open","sticky":false,"template":"","format":"standard","meta":{"footnotes":""},"categories":[44],"tags":[],"class_list":["post-68022","post","type-post","status-publish","format-standard","has-post-thumbnail","hentry","category-republica-dominicana"],"_links":{"self":[{"href":"https:\/\/2horizontes.com\/index.php?rest_route=\/wp\/v2\/posts\/68022","targetHints":{"allow":["GET"]}}],"collection":[{"href":"https:\/\/2horizontes.com\/index.php?rest_route=\/wp\/v2\/posts"}],"about":[{"href":"https:\/\/2horizontes.com\/index.php?rest_route=\/wp\/v2\/types\/post"}],"author":[{"embeddable":true,"href":"https:\/\/2horizontes.com\/index.php?rest_route=\/wp\/v2\/users\/4"}],"replies":[{"embeddable":true,"href":"https:\/\/2horizontes.com\/index.php?rest_route=%2Fwp%2Fv2%2Fcomments&post=68022"}],"version-history":[{"count":1,"href":"https:\/\/2horizontes.com\/index.php?rest_route=\/wp\/v2\/posts\/68022\/revisions"}],"predecessor-version":[{"id":68024,"href":"https:\/\/2horizontes.com\/index.php?rest_route=\/wp\/v2\/posts\/68022\/revisions\/68024"}],"wp:featuredmedia":[{"embeddable":true,"href":"https:\/\/2horizontes.com\/index.php?rest_route=\/wp\/v2\/media\/68023"}],"wp:attachment":[{"href":"https:\/\/2horizontes.com\/index.php?rest_route=%2Fwp%2Fv2%2Fmedia&parent=68022"}],"wp:term":[{"taxonomy":"category","embeddable":true,"href":"https:\/\/2horizontes.com\/index.php?rest_route=%2Fwp%2Fv2%2Fcategories&post=68022"},{"taxonomy":"post_tag","embeddable":true,"href":"https:\/\/2horizontes.com\/index.php?rest_route=%2Fwp%2Fv2%2Ftags&post=68022"}],"curies":[{"name":"wp","href":"https:\/\/api.w.org\/{rel}","templated":true}]}}