{"id":67990,"date":"2018-11-21T14:42:45","date_gmt":"2018-11-21T13:42:45","guid":{"rendered":"http:\/\/2horizontes.com\/?p=67990"},"modified":"2018-11-21T14:43:25","modified_gmt":"2018-11-21T13:43:25","slug":"joan-tarda-llama-fascista-a-rivera-en-el-congreso-de-los-diputados","status":"publish","type":"post","link":"https:\/\/2horizontes.com\/?p=67990","title":{"rendered":"Joan Tard\u00e0 llama \u201cfascista\u201d a Rivera en el Congreso de los Diputados"},"content":{"rendered":"<h2 class=\"articulo-subtitulo\">El portavoz de ERC ha aclarado que los \u00abvotantes de Ciudadanos no lo son\u00bb as\u00ed como \u00abla mayor parte de sus diputados\u00bb<\/h2>\n<p>El portavoz de Esquerra Republicana de Catalunya (ERC),\u00a0Joan Tard\u00e0,\u00a0ha llamado \u00abfascista\u00bb al l\u00edder de Ciudadanos, Albert Rivera, durante el debate celebrado la tarde de este martes en el Congreso de los Diputados sobre una moci\u00f3n de este \u00faltimo grupo parlamentario para exigir al Gobierno que aclare si piensa o no indultar a los presos del\u00a0<em>proc\u00e9s<\/em>\u00a0en caso de ser condenados. La reacci\u00f3n del pol\u00edtico catal\u00e1n ha llegado despu\u00e9s de que Rivera haya calificado de \u00abgolpistas\u00bb a quienes declararon la independencia de Catalu\u00f1a.<\/p>\n<p>Tard\u00e0 ha argumentado que ha usado dicha palabra contra el l\u00edder de\u00a0Ciudadanos\u00a0\u00abcon profunda tristeza\u00bb porque este tipo de calificativos \u00abno deber\u00edan tener cabida en una sociedad democr\u00e1tica\u00bb. Sin embargo, el portavoz de ERC ha precisado que los votantes del partido liderado por Rivera \u00abno son fascistas\u00bb as\u00ed como \u00abla mayor parte de los diputados de Ciudadanos\u00bb.\u00a0\u00abSe\u00f1or Rivera, usted es una verg\u00fcenza. Usted es un fascista, s\u00ed, lo es\u00bb, ha reiterado en su intervenci\u00f3n en la tribuna de la C\u00e1mara baja.<\/p>\n<p>Sr. Rivera, en nombre de miles de militantes <span class=\"PrettyLink-prefix\">@<\/span><span class=\"PrettyLink-value\">Esquerra_ERC<\/span> fusilados y de dem\u00f3cratas catalanes y espa\u00f1oles asesinados por criminales golpistas, cada vez que nos diga \u201cgolpistas\u201d, desde la tribuna, por autodefensa democr\u00e1tica, le llamaremos \u201cfascista\u201d.<\/p>\n<p>Con un tono muy duro, que le ha reprochado el vicepresidente primero del Congreso, Ignacio Prendes, Tard\u00e0 ha explicado que hasta ahora \u00abha intentado no cruzar el Rubic\u00f3n\u00bb, pero que ya \u00abno pod\u00eda aguantar m\u00e1s\u00bb en nombre de los miles de militantes de su partido y de los miles de catalanes y espa\u00f1oles fusilados y torturados por \u00abcriminales golpistas\u00bb.<\/p>\n<p>Adem\u00e1s, Tard\u00e0 ha advertido que a partir de este martes, fecha en la que se cumplen 43 a\u00f1os de la muerte de \u00abla bestia decr\u00e9pita\u00bb (en alusi\u00f3n al dictador Franco), cada vez que \u00abCiudadanos les llame golpistas, desde la tribuna, por autodefensa democr\u00e1tica, \u00e9l contraatacar\u00e1 dici\u00e9ndoles fascistas\u00bb. Finalmente, la moci\u00f3n ha sido rechazada con el voto del PSOE, Unidos Podemos, ERC, PNV y PD eCAT y la han apoyado Ciudadanos, PP, Uni\u00f3n del Pueblo Navarro y Foro Asturias.<\/p>\n","protected":false},"excerpt":{"rendered":"<p>El portavoz de ERC ha aclarado que los \u00abvotantes de Ciudadanos no lo son\u00bb as\u00ed como \u00abla mayor parte de sus diputados\u00bb El portavoz de Esquerra Republicana de Catalunya (ERC),\u00a0Joan Tard\u00e0,\u00a0ha llamado \u00abfascista\u00bb al l\u00edder de Ciudadanos, Albert Rivera, durante el debate celebrado la tarde de este martes en el Congreso de los Diputados sobre [&hellip;]<\/p>\n","protected":false},"author":4,"featured_media":67991,"comment_status":"open","ping_status":"open","sticky":false,"template":"","format":"standard","meta":{"footnotes":""},"categories":[85,43],"tags":[],"class_list":["post-67990","post","type-post","status-publish","format-standard","has-post-thumbnail","hentry","category-espana","category-politica"],"_links":{"self":[{"href":"https:\/\/2horizontes.com\/index.php?rest_route=\/wp\/v2\/posts\/67990","targetHints":{"allow":["GET"]}}],"collection":[{"href":"https:\/\/2horizontes.com\/index.php?rest_route=\/wp\/v2\/posts"}],"about":[{"href":"https:\/\/2horizontes.com\/index.php?rest_route=\/wp\/v2\/types\/post"}],"author":[{"embeddable":true,"href":"https:\/\/2horizontes.com\/index.php?rest_route=\/wp\/v2\/users\/4"}],"replies":[{"embeddable":true,"href":"https:\/\/2horizontes.com\/index.php?rest_route=%2Fwp%2Fv2%2Fcomments&post=67990"}],"version-history":[{"count":2,"href":"https:\/\/2horizontes.com\/index.php?rest_route=\/wp\/v2\/posts\/67990\/revisions"}],"predecessor-version":[{"id":67993,"href":"https:\/\/2horizontes.com\/index.php?rest_route=\/wp\/v2\/posts\/67990\/revisions\/67993"}],"wp:featuredmedia":[{"embeddable":true,"href":"https:\/\/2horizontes.com\/index.php?rest_route=\/wp\/v2\/media\/67991"}],"wp:attachment":[{"href":"https:\/\/2horizontes.com\/index.php?rest_route=%2Fwp%2Fv2%2Fmedia&parent=67990"}],"wp:term":[{"taxonomy":"category","embeddable":true,"href":"https:\/\/2horizontes.com\/index.php?rest_route=%2Fwp%2Fv2%2Fcategories&post=67990"},{"taxonomy":"post_tag","embeddable":true,"href":"https:\/\/2horizontes.com\/index.php?rest_route=%2Fwp%2Fv2%2Ftags&post=67990"}],"curies":[{"name":"wp","href":"https:\/\/api.w.org\/{rel}","templated":true}]}}