{"id":67987,"date":"2018-11-21T14:36:54","date_gmt":"2018-11-21T13:36:54","guid":{"rendered":"http:\/\/2horizontes.com\/?p=67987"},"modified":"2018-11-21T14:36:54","modified_gmt":"2018-11-21T13:36:54","slug":"medio-millar-de-ultraderechistas-y-nostalgicos-del-franquismo-acuden-al-valle-de-los-caidos","status":"publish","type":"post","link":"https:\/\/2horizontes.com\/?p=67987","title":{"rendered":"Medio millar de ultraderechistas y nost\u00e1lgicos del franquismo acuden al Valle de los Ca\u00eddos"},"content":{"rendered":"<h2 class=\"articulo-subtitulo\">Unas 400 personas asisten a una misa en memoria del dictador y de Primo de Rivera, delante de cuyas tumbas decenas de partidarios realizaron el saludo fascista<\/h2>\n<p>Medio millar de ultraderechistas, nost\u00e1lgicos de la dictadura, curiosos y alg\u00fan que otro turista despistado han acudido este martes al Valle de los Ca\u00eddos atra\u00eddos por el 43\u00ba aniversario de la muerte del dictador Francisco Franco,\u00a0cuyos restos el Gobierno quiere exhumar\u00a0de lo que considera un mausoleo de Estado. El abad de los monjes benedictinos ha oficiado a las 11.00 una misa en memoria del dictador y de Jos\u00e9 Antonio Primo de Rivera. Tras la liturgia, de una hora, docenas de fieles se han agolpado ante las tumbas de los homenajeados y han realizado el saludo fascista. Justo al final de la ceremonia un sacerdote hab\u00eda pedido a los presentes \u00abevitar cualquier acto ajeno conforme al car\u00e1cter sagrado de la bas\u00edlica y del Valle\u00bb. Las coronas y ramilletes de flores, algunos con los colores de la bandera de Espa\u00f1a, han llegado a tapar las l\u00e1pidas.<\/p>\n<div id=\"elpais_gpt-INTEXT\" data-google-query-id=\"CPbB5OvM5d4CFRaI7QodubEBKw\">\n<div id=\"google_ads_iframe_\/7811748\/elpais_web\/politica\/intext_0__container__\"><iframe id=\"google_ads_iframe_\/7811748\/elpais_web\/politica\/intext_0\" title=\"3rd party ad content\" name=\"google_ads_iframe_\/7811748\/elpais_web\/politica\/intext_0\" width=\"1\" height=\"1\" frameborder=\"0\" marginwidth=\"0\" marginheight=\"0\" scrolling=\"no\" data-google-container-id=\"5\" data-load-complete=\"true\" data-mce-fragment=\"1\"><\/iframe><\/div>\n<\/div>\n<p>La jornada ha transcurrido sin incidentes rese\u00f1ables. La Delegaci\u00f3n del Gobierno ha desplegado un operativo con media docena de patrullas de la Guardia Civil en la entrada al Valle de los Ca\u00eddos, donde se revisaban los maleteros a algunos veh\u00edculos, y el acceso a la bas\u00edlica. El mal tiempo tambi\u00e9n ha influido en que no hubiera una mayor movilizaci\u00f3n en plena pol\u00e9mica por la intenci\u00f3n del Gobierno de exhumar a Franco. \u00ab\u00bfQu\u00e9 no somos tantos? \u00a1Hace cinco a\u00f1os no ven\u00eda nadie y los socialistas lo han puesto de moda!\u00bb, opinaba Juli\u00e1n S\u00e1nchez, de 70 a\u00f1os. Como \u00e9l, la mayor\u00eda de personas presentes eran de mediana o avanzada edad, aunque tambi\u00e9n hab\u00eda alg\u00fan grupo de veintea\u00f1eros.<a name=\"sumario_2\"><\/a><\/p>\n<section id=\"sumario_2|foto\" class=\"sumario_foto centro\">\n<div class=\"sumario__interior\">\n<figure class=\"foto foto_w980\"><a class=\"enlace\" style=\"margin: 0px; padding: 0px; border: none; font: inherit; vertical-align: baseline; box-sizing: border-box; background-color: transparent; text-decoration: none; color: #016ca2; touch-action: manipulation; position: relative; display: block;\"><img loading=\"lazy\" decoding=\"async\" src=\"https:\/\/ep01.epimg.net\/politica\/imagenes\/2018\/11\/20\/actualidad\/1542719157_642179_1542722869_sumario_normal.jpg\" srcset=\"\/\/ep01.epimg.net\/politica\/imagenes\/2018\/11\/20\/actualidad\/1542719157_642179_1542722869_sumario_normal_recorte1.jpg 1960w, \/\/ep01.epimg.net\/politica\/imagenes\/2018\/11\/20\/actualidad\/1542719157_642179_1542722869_sumario_normal_recorte2.jpg 720w, \/\/ep01.epimg.net\/politica\/imagenes\/2018\/11\/20\/actualidad\/1542719157_642179_1542722869_sumario_normal.jpg 980w\" alt=\"20 N 2018\" width=\"980\" height=\"654\" \/><\/a><figcaption class=\"foto-pie\"><span class=\"foto-texto\">Agentes de la Guardia Civil se disponen a quitar una bandera preconstitucional a uno de los asistentes al Valle de los Ca\u00eddos.<\/span>\u00a0<span class=\"foto-firma\"><span class=\"foto-autor\">SANTI BURGOS<\/span><\/span><\/figcaption><\/figure>\n<div class=\"sumario-texto\"><\/div>\n<\/div>\n<\/section>\n<p>Un hombre se ha encarado con unos agentes que le han retirado una bandera preconstitucional. El Instituto Armado ha identificado a otro joven que ha hecho el saludo fascista ante la tumba de Franco. \u00ab\u00a1Me dicen que he cometido un delito por levantar el brazo\u00bb, se ha indignado mientras un individuo acusaba a la Guardia Civil de actuar como una \u00abpolic\u00eda pol\u00edtica\u00bb.<\/p>\n<p>Al oficio ha asistido\u00a0Luis Alfonso de Borb\u00f3n,\u00a0bisnieto de Franco, que ha pedido \u00abrespeto\u00bb para su familia y no se ha pronunciado sobre la exhumaci\u00f3n de los restos del dictador y donde ser\u00eda enterrado de nuevo. \u00abTe fuiste hace 43 a\u00f1os, pero est\u00e1s m\u00e1s presente que nunca. Tus enemigos y unos traidores a la Patria no te olvidan, ni cesan de mencionarte. Otros muchos te seguimos recordando y rezando por ti\u00bb, ha escrito en redes sociales. \u00abEs el \u00fanico de la familia que merece la pena\u00bb, le ha faltado ruborizarse a una se\u00f1ora que se ha identificado como Carmen. Juan Chicharro, presidente de la Fundaci\u00f3n Francisco Franco, que el Ejecutivo de Pedro S\u00e1nchez pretende ilegalizar, tambi\u00e9n ha acudido a la misa. La Fundaci\u00f3n ha organizado una docena de ceremonias similares en recuerdo del dictador en distintas comunidades aut\u00f3nomas como Andaluc\u00eda y Madrid.<strong><br \/>\n<\/strong><\/p>\n<section id=\"sumario_3|foto\" class=\"sumario_foto centro\"><a name=\"sumario_3\"><\/a><\/p>\n<div class=\"sumario__interior\">\n<figure class=\"foto foto_w980\"><a class=\"enlace\" style=\"margin: 0px; padding: 0px; border: none; font: inherit; vertical-align: baseline; box-sizing: border-box; background-color: transparent; text-decoration: none; color: #016ca2; touch-action: manipulation; position: relative; display: block;\"><img loading=\"lazy\" decoding=\"async\" src=\"https:\/\/ep01.epimg.net\/politica\/imagenes\/2018\/11\/20\/actualidad\/1542719157_642179_1542722985_sumario_normal.jpg\" srcset=\"\/\/ep01.epimg.net\/politica\/imagenes\/2018\/11\/20\/actualidad\/1542719157_642179_1542722985_sumario_normal_recorte1.jpg 1960w, \/\/ep01.epimg.net\/politica\/imagenes\/2018\/11\/20\/actualidad\/1542719157_642179_1542722985_sumario_normal_recorte2.jpg 720w, \/\/ep01.epimg.net\/politica\/imagenes\/2018\/11\/20\/actualidad\/1542719157_642179_1542722985_sumario_normal.jpg 980w\" alt=\"20 N 2018\" width=\"980\" height=\"653\" \/><\/a><figcaption class=\"foto-pie\"><span class=\"foto-texto\">Luis Alfonso de Borb\u00f3n, bisnieto de Franco, tras asistir a la misa por el dictador y Primo de Rivera en la bas\u00edlica del Valle de los Ca\u00eddos.<\/span>\u00a0<span class=\"foto-firma\"><span class=\"foto-autor\">SANTI BURGOS<\/span><\/span><\/figcaption><\/figure>\n<\/div>\n<\/section>\n<p>La familia del dictador dispone de una tumba en la cripta de la catedral de La Almudena, en el centro de Madrid. El Gobierno no ha aclarado c\u00f3mo lo har\u00e1 pero no permitir\u00e1 que Franco sea enterrado a unos metros de la Plaza de Oriente, donde sol\u00eda presidir los desfiles militares de exaltaci\u00f3n del r\u00e9gimen. El portavoz del Gobierno de la Comunidad de Madrid, Pedro Roll\u00e1n, ha afirmado hoy que no cree que La Almudena sea \u00abel sitio m\u00e1s apropiado\u00bb. \u00abEl PP ten\u00eda que haber acabado con la Ley de Memoria Hist\u00f3rica, son unos blandos\u00bb, ha sentenciado Jos\u00e9 Torres, de 68 a\u00f1os y que se ha declarado \u00abfuturo votante\u00bb de Vox. \u00abSi es que falta amor a Espa\u00f1a\u00bb, refunfu\u00f1aba otro se\u00f1or de su quinta en la cola de entrada a la bas\u00edlica.<\/p>\n<p>\u00abNo vamos a permitir [que exhumen a Franco]\u00bb, ha dicho retadora Pilar Guti\u00e9rrez, del Movimiento por Espa\u00f1a, que ha iniciado una campa\u00f1a para la beatificaci\u00f3n del dictador. \u00abFranco est\u00e1 en el cielo, es un santo y ha sido reconocido por Papas como P\u00edo XII, Juan XXIII y Pablo VI. Pedimos su beatificaci\u00f3n por los innumerables favores que concede a quien le invoca\u00bb, ha afirmado rodeada de miradas de incredulidad y sin aclarar a qu\u00e9 se refer\u00eda. \u00abEl mayor milagro que hizo en vida fue el milagro espa\u00f1ol y resucitar el pa\u00eds\u00bb tras la Guerra Civil que origin\u00f3 liderando el golpe de Estado contra la Rep\u00fablica. \u00ab\u00a1Par\u00f3 al comunismo, lo peor que ha pasado en la Historia de la humanidad! \u00a1Eso ten\u00edan que ense\u00f1arlo todos los d\u00edas\u00a0en los colegios!\u00bb, se iba indignada una ac\u00f3lita. Para entonces, el sol se abr\u00eda paso y venc\u00eda a los nubarrones.<\/p>\n","protected":false},"excerpt":{"rendered":"<p>Unas 400 personas asisten a una misa en memoria del dictador y de Primo de Rivera, delante de cuyas tumbas decenas de partidarios realizaron el saludo fascista Medio millar de ultraderechistas, nost\u00e1lgicos de la dictadura, curiosos y alg\u00fan que otro turista despistado han acudido este martes al Valle de los Ca\u00eddos atra\u00eddos por el 43\u00ba [&hellip;]<\/p>\n","protected":false},"author":4,"featured_media":67988,"comment_status":"open","ping_status":"open","sticky":false,"template":"","format":"standard","meta":{"footnotes":""},"categories":[62,85,43],"tags":[],"class_list":["post-67987","post","type-post","status-publish","format-standard","has-post-thumbnail","hentry","category-cultura","category-espana","category-politica"],"_links":{"self":[{"href":"https:\/\/2horizontes.com\/index.php?rest_route=\/wp\/v2\/posts\/67987","targetHints":{"allow":["GET"]}}],"collection":[{"href":"https:\/\/2horizontes.com\/index.php?rest_route=\/wp\/v2\/posts"}],"about":[{"href":"https:\/\/2horizontes.com\/index.php?rest_route=\/wp\/v2\/types\/post"}],"author":[{"embeddable":true,"href":"https:\/\/2horizontes.com\/index.php?rest_route=\/wp\/v2\/users\/4"}],"replies":[{"embeddable":true,"href":"https:\/\/2horizontes.com\/index.php?rest_route=%2Fwp%2Fv2%2Fcomments&post=67987"}],"version-history":[{"count":1,"href":"https:\/\/2horizontes.com\/index.php?rest_route=\/wp\/v2\/posts\/67987\/revisions"}],"predecessor-version":[{"id":67989,"href":"https:\/\/2horizontes.com\/index.php?rest_route=\/wp\/v2\/posts\/67987\/revisions\/67989"}],"wp:featuredmedia":[{"embeddable":true,"href":"https:\/\/2horizontes.com\/index.php?rest_route=\/wp\/v2\/media\/67988"}],"wp:attachment":[{"href":"https:\/\/2horizontes.com\/index.php?rest_route=%2Fwp%2Fv2%2Fmedia&parent=67987"}],"wp:term":[{"taxonomy":"category","embeddable":true,"href":"https:\/\/2horizontes.com\/index.php?rest_route=%2Fwp%2Fv2%2Fcategories&post=67987"},{"taxonomy":"post_tag","embeddable":true,"href":"https:\/\/2horizontes.com\/index.php?rest_route=%2Fwp%2Fv2%2Ftags&post=67987"}],"curies":[{"name":"wp","href":"https:\/\/api.w.org\/{rel}","templated":true}]}}