{"id":67981,"date":"2018-11-21T14:22:19","date_gmt":"2018-11-21T13:22:19","guid":{"rendered":"http:\/\/2horizontes.com\/?p=67981"},"modified":"2018-11-21T14:22:19","modified_gmt":"2018-11-21T13:22:19","slug":"un-gigante-de-cuatro-metros-elige-barcelona-para-pasar-la-navidad","status":"publish","type":"post","link":"https:\/\/2horizontes.com\/?p=67981","title":{"rendered":"Un gigante de cuatro metros elige Barcelona para pasar la Navidad"},"content":{"rendered":"<h2 class=\"story-leaf-subtitle-item col-md-10\">El \u2018senyor Hivern\u2019 participar\u00e1 ma\u00f1ana en el encendido de luces y se instalar\u00e1 el mes que viene en plaza Catalunya, donde se crear\u00e1 una peque\u00f1a ciudad m\u00e1gica<\/h2>\n<p>&nbsp;<\/p>\n<p>El Ayuntamiento de\u00a0<b>Barcelona\u00a0<\/b>ha anunciado que ma\u00f1ana llegar\u00e1 a la ciudad un\u00a0<b>gigante\u00a0<\/b>de\u00a0<b>cuatro\u00a0<\/b><b>metros<\/b>, llamado\u00a0<b>senyor\u00a0<\/b><b>Hivern<\/b>, para participar en el encendido de las luces navide\u00f1as. El personaje fant\u00e1stico se marchar\u00e1 una vez que Barcelona est\u00e9 iluminada, si bien est\u00e1 previsto que vuelva dentro de un mes, entonces ya, para pasar la Navidad en la ciudad. No se marchar\u00e1 de forma definitiva hasta despu\u00e9s la cabalgata de reyes.<\/p>\n<p>Seg\u00fan han explicado fuentes municipales, el<i>\u00a0senyor Hivern<\/i>, que viaja con el Gran Llibre de les Coses Petites y que en ocasiones hace que suenen los relojes a su paso, har\u00e1 su aparici\u00f3n ma\u00f1ana a las 19 horas en la confluencia de las calles Guip\u00fascoa y Juli\u00e1n Besteiro, en Sant Mart\u00ed. Y es que ser\u00e1 all\u00e1 donde se celebrar\u00e1 el acto oficial de encendido de luces navide\u00f1as (habr\u00e1 espect\u00e1culo a cargo de la compa\u00f1\u00eda Ef\u00edmer con la participaci\u00f3n especial del Mag Lar\u00ed).<\/p>\n<p>&nbsp;<\/p>\n<p>&nbsp;<\/p>\n<p>Fuentes municipales han advertido que m\u00e1s all\u00e1 de lo que diga la previsi\u00f3n meteorol\u00f3gica, no se descarta que en el momento de la llegada del gigante se pueda producir una tormenta de nieve. No ser\u00eda la primera vez.<\/p>\n<p>La plaza Catalunya se convertir\u00e1 en la Ciutat dels Somriures<\/p>\n<p>\u201cEl\u00a0<i>senyor Hivern\u00a0<\/i>ha elegido pasar la Navidad en la ciudad como lo hace mucha gente. Barcelona es un buen destino navide\u00f1o. Adem\u00e1s, le hemos cedido la plaza Catalunya para que se instale, que no se la cedemos a todo el mundo\u201d, ha explicado el concejal de Turismo, Comercio y Mercados, Agust\u00ed Colom, que ha celebrado la decisi\u00f3n del ser fant\u00e1stico.<\/p>\n<div id=\"hybs-mslot-d8432fda-0\" class=\"hybs-mslot\"><\/div>\n<p>Seg\u00fan ha precisado la directora art\u00edstica de la programaci\u00f3n de Navidad del Ayuntamiento, Marta Almirall, cuando el gigante vuelva a Barcelona dentro de un mes, el 21 de diciembre, y se instale en la plaza Catalunya, esta se habr\u00e1 convertido en\u00a0<b>La\u00a0<\/b><b>Ciutat\u00a0<\/b>dels\u00a0<b>Somriures<\/b>. All\u00ed tendr\u00e1 su butaca; pero la plaza ser\u00e1 tambi\u00e9n un espacio lleno de recuerdos navide\u00f1os, talleres, juegos, instalaciones deportivas\u2026 Estar\u00e1 el Bulevard de la Mem\u00f2ria, La Llibreria, un teatro, La Botiga d\u2019Esports&#8230; La plaza Catalunya tambi\u00e9n acoger\u00e1 la IV Fira de Consum Responsable i d\u2019Economia Social i Solid\u00e0ria.<\/p>\n<p>M\u00e1s de un millar de actividades<\/p>\n<p>Aunque la presencia del gigante gozar\u00e1 de cierto protagonismo de la campa\u00f1a navide\u00f1a, al margen \u2014aunque en m\u00e1s de una ocasi\u00f3n relacionada con su presencia\u2014 est\u00e1n previstas en el conjunto de la ciudad un millar de actividades. Seg\u00fan ha explicado Agust\u00ed Colom este a\u00f1o habr\u00e1 tambi\u00e9n actividades de gran formato en los distritos.<\/p>\n<p>&nbsp;<\/p>\n<p>&nbsp;<\/p>\n<p>&nbsp;<\/p>\n<p>La ciudad tendr\u00e1 dos pesebres\u2026 a partir del 23 de noviembre<\/p>\n<p>Barcelona tendr\u00e1 este a\u00f1o\u00a0<b>dos\u00a0<\/b><b>pesebres\u00a0<\/b>y los dos abrir\u00e1n el viernes. El de la\u00a0<b>plaza\u00a0<\/b><b>Sant\u00a0<\/b><b>Jaume\u00a0<\/b>es obra de Sebasti\u00e0 Brossa. Es una propuesta que gira alrededor de las reuniones y las comidas familiares y los buenos deseos navide\u00f1os. El\u00a0<b>Museu\u00a0<\/b><b>Frederic\u00a0<\/b><b>Mar\u00e9s\u00a0<\/b>volver\u00e1 a exponer el pesebre tradicional elaborado por los miembros de la Associaci\u00f3 de Pessebristes de Barcelona, que propone un paseo por los bosques del Pedraforca.<\/p>\n","protected":false},"excerpt":{"rendered":"<p>El \u2018senyor Hivern\u2019 participar\u00e1 ma\u00f1ana en el encendido de luces y se instalar\u00e1 el mes que viene en plaza Catalunya, donde se crear\u00e1 una peque\u00f1a ciudad m\u00e1gica &nbsp; El Ayuntamiento de\u00a0Barcelona\u00a0ha anunciado que ma\u00f1ana llegar\u00e1 a la ciudad un\u00a0gigante\u00a0de\u00a0cuatro\u00a0metros, llamado\u00a0senyor\u00a0Hivern, para participar en el encendido de las luces navide\u00f1as. El personaje fant\u00e1stico se marchar\u00e1 una [&hellip;]<\/p>\n","protected":false},"author":4,"featured_media":67982,"comment_status":"open","ping_status":"open","sticky":false,"template":"","format":"standard","meta":{"footnotes":""},"categories":[62,85],"tags":[],"class_list":["post-67981","post","type-post","status-publish","format-standard","has-post-thumbnail","hentry","category-cultura","category-espana"],"_links":{"self":[{"href":"https:\/\/2horizontes.com\/index.php?rest_route=\/wp\/v2\/posts\/67981","targetHints":{"allow":["GET"]}}],"collection":[{"href":"https:\/\/2horizontes.com\/index.php?rest_route=\/wp\/v2\/posts"}],"about":[{"href":"https:\/\/2horizontes.com\/index.php?rest_route=\/wp\/v2\/types\/post"}],"author":[{"embeddable":true,"href":"https:\/\/2horizontes.com\/index.php?rest_route=\/wp\/v2\/users\/4"}],"replies":[{"embeddable":true,"href":"https:\/\/2horizontes.com\/index.php?rest_route=%2Fwp%2Fv2%2Fcomments&post=67981"}],"version-history":[{"count":1,"href":"https:\/\/2horizontes.com\/index.php?rest_route=\/wp\/v2\/posts\/67981\/revisions"}],"predecessor-version":[{"id":67983,"href":"https:\/\/2horizontes.com\/index.php?rest_route=\/wp\/v2\/posts\/67981\/revisions\/67983"}],"wp:featuredmedia":[{"embeddable":true,"href":"https:\/\/2horizontes.com\/index.php?rest_route=\/wp\/v2\/media\/67982"}],"wp:attachment":[{"href":"https:\/\/2horizontes.com\/index.php?rest_route=%2Fwp%2Fv2%2Fmedia&parent=67981"}],"wp:term":[{"taxonomy":"category","embeddable":true,"href":"https:\/\/2horizontes.com\/index.php?rest_route=%2Fwp%2Fv2%2Fcategories&post=67981"},{"taxonomy":"post_tag","embeddable":true,"href":"https:\/\/2horizontes.com\/index.php?rest_route=%2Fwp%2Fv2%2Ftags&post=67981"}],"curies":[{"name":"wp","href":"https:\/\/api.w.org\/{rel}","templated":true}]}}