{"id":67978,"date":"2018-11-21T14:18:36","date_gmt":"2018-11-21T13:18:36","guid":{"rendered":"http:\/\/2horizontes.com\/?p=67978"},"modified":"2018-11-21T14:18:36","modified_gmt":"2018-11-21T13:18:36","slug":"asesinan-a-tiros-un-hombre-en-marbella","status":"publish","type":"post","link":"https:\/\/2horizontes.com\/?p=67978","title":{"rendered":"Asesinan a tiros un hombre en Marbella"},"content":{"rendered":"<h2 class=\"articulo-subtitulo\">Solo en 2018 se han registrado ya una quincena de asesinatos, agresiones entre narcotraficantes e incluso varias explosiones de artefactos<\/h2>\n<p>&nbsp;<\/p>\n<p>Un hombre ha fallecido esta noche al ser tiroteado en plena calle en una urbanizaci\u00f3n de Marbella. La Polic\u00eda Nacional\u00a0ha desplazado varias unidades hasta el lugar de los hechos, sucedidos sobre las 20.30, y ya investiga el incidente. El trabajo est\u00e1 a cargo del grupo de homicidios, la Unidad de Drogas y Crimen Organizado (UDYCO) y la comisar\u00eda marbell\u00ed.<\/p>\n<p>Aunque todav\u00eda no se conocen m\u00e1s detalles de lo sucedido, todo apunta a un ajuste de cuentas. Ser\u00eda as\u00ed un cap\u00edtulo m\u00e1s de la violencia que vive en los \u00faltimos meses la Costa del Sol. Solo en 2018 se han registrado ya una quincena de asesinatos, agresiones entre narcotraficantes e incluso varias explosiones de artefactos en diferentes localidades de esta comarca malague\u00f1a.<\/p>\n<p>Fuentes policiales han informado de que una vez alertada la Polic\u00eda de lo sucedido, ha desplazado al lugar varias dotaciones que a su llegada han confirmado los hechos, sin que hayan trascendido m\u00e1s detalles por el momento.<\/p>\n<p>Son muchos ya los sucesos ligados al crimen organizado en la costa malague\u00f1a. El pasado mes de octubre, dos\u00a0explosiones rozando la medianoche alertaban a la polic\u00eda. La primera, frente a la urbanizaci\u00f3n Mirador de la Alquer\u00eda del municipio de Benahav\u00eds y, la segunda, en un pol\u00edgono industrial de San Pedro de Alc\u00e1ntara (Marbella). No hubo v\u00edctimas mortales, pero s\u00ed da\u00f1os materiales muy cuantiosos, seg\u00fan explicaron entonces fuentes policiales. A pocos metros de la nave afectada ard\u00eda, meses antes, un gimnasio cuyo propietario fue asesinado a tiros d\u00edas m\u00e1s tarde cuando sal\u00eda de una comuni\u00f3n. Tambi\u00e9n en el mes de octubre un hombre fallec\u00eda por varios impactos de bala mientras cenaba en un restaurante de Fuengirola y el cad\u00e1ver de otro se encontraba en Algeciras dos horas despu\u00e9s de ser secuestrado en Estepona.<\/p>\n<p>En septiembre, la Polic\u00eda Nacional hall\u00f3 otro artefacto de fabricaci\u00f3n casera en las cercan\u00edas de la urbanizaci\u00f3n Altos de Los Monteros, a las afueras de Marbella. En este caso el explosivo fue desactivado\u00a0por los agentes y en relaci\u00f3n con estos hechos, d\u00edas m\u00e1s tarde detuvieron a un ciudadano holand\u00e9s al que se relaciona con un c\u00e1rtel internacional de droga.<\/p>\n<p>Los episodios de violencia en la Costa del Sol se vienen repitiendo desde principios de a\u00f1o. Especialmente desde mayo, uno de los meses m\u00e1s violentos con la muerte de dos personas y dos secuestros en Marbella, as\u00ed como varios tiroteos en localidades como Fuengirola. En aquel momento, el entonces Ministro de Interior, Juan Ignacio Zoido, calificaba los incidentes como \u201chechos aislados\u201d.<\/p>\n","protected":false},"excerpt":{"rendered":"<p>Solo en 2018 se han registrado ya una quincena de asesinatos, agresiones entre narcotraficantes e incluso varias explosiones de artefactos &nbsp; Un hombre ha fallecido esta noche al ser tiroteado en plena calle en una urbanizaci\u00f3n de Marbella. La Polic\u00eda Nacional\u00a0ha desplazado varias unidades hasta el lugar de los hechos, sucedidos sobre las 20.30, y [&hellip;]<\/p>\n","protected":false},"author":4,"featured_media":67979,"comment_status":"open","ping_status":"open","sticky":false,"template":"","format":"standard","meta":{"footnotes":""},"categories":[85],"tags":[],"class_list":["post-67978","post","type-post","status-publish","format-standard","has-post-thumbnail","hentry","category-espana"],"_links":{"self":[{"href":"https:\/\/2horizontes.com\/index.php?rest_route=\/wp\/v2\/posts\/67978","targetHints":{"allow":["GET"]}}],"collection":[{"href":"https:\/\/2horizontes.com\/index.php?rest_route=\/wp\/v2\/posts"}],"about":[{"href":"https:\/\/2horizontes.com\/index.php?rest_route=\/wp\/v2\/types\/post"}],"author":[{"embeddable":true,"href":"https:\/\/2horizontes.com\/index.php?rest_route=\/wp\/v2\/users\/4"}],"replies":[{"embeddable":true,"href":"https:\/\/2horizontes.com\/index.php?rest_route=%2Fwp%2Fv2%2Fcomments&post=67978"}],"version-history":[{"count":1,"href":"https:\/\/2horizontes.com\/index.php?rest_route=\/wp\/v2\/posts\/67978\/revisions"}],"predecessor-version":[{"id":67980,"href":"https:\/\/2horizontes.com\/index.php?rest_route=\/wp\/v2\/posts\/67978\/revisions\/67980"}],"wp:featuredmedia":[{"embeddable":true,"href":"https:\/\/2horizontes.com\/index.php?rest_route=\/wp\/v2\/media\/67979"}],"wp:attachment":[{"href":"https:\/\/2horizontes.com\/index.php?rest_route=%2Fwp%2Fv2%2Fmedia&parent=67978"}],"wp:term":[{"taxonomy":"category","embeddable":true,"href":"https:\/\/2horizontes.com\/index.php?rest_route=%2Fwp%2Fv2%2Fcategories&post=67978"},{"taxonomy":"post_tag","embeddable":true,"href":"https:\/\/2horizontes.com\/index.php?rest_route=%2Fwp%2Fv2%2Ftags&post=67978"}],"curies":[{"name":"wp","href":"https:\/\/api.w.org\/{rel}","templated":true}]}}