{"id":67975,"date":"2018-11-21T14:13:14","date_gmt":"2018-11-21T13:13:14","guid":{"rendered":"http:\/\/2horizontes.com\/?p=67975"},"modified":"2018-11-21T14:13:14","modified_gmt":"2018-11-21T13:13:14","slug":"valencia-aprueba-la-ley-lgtbi-mas-avanzada-de-espana","status":"publish","type":"post","link":"https:\/\/2horizontes.com\/?p=67975","title":{"rendered":"Valencia aprueba la Ley LGTBI m\u00e1s avanzada de Espa\u00f1a"},"content":{"rendered":"<h2 class=\"story-leaf-subtitle-item col-md-10\">La nueva norma proh\u00edbe las terapias de aversi\u00f3n para modificar la orientaci\u00f3n sexual e incluye un cap\u00edtulo dedicado a las personas con variaciones intersexuales o con diferencias del desarrollo sexual<\/h2>\n<p>&nbsp;<\/p>\n<p>Las\u00a0<b>Cortes Valencianas\u00a0<\/b>han\u00a0<b>aprobado\u00a0<\/b>esta ma\u00f1ana la\u00a0<b>ley m\u00e1s avanzada en Espa\u00f1a<\/b>\u00a0en la\u00a0<b>protecci\u00f3n del colectivo LGTBI<\/b>. Una norma, con el apoyo del\u00a0<b>PSPV<\/b>,\u00a0<b>Comprom\u00eds<\/b>,\u00a0<b>Podem\u00a0<\/b>y\u00a0<b>Cs<\/b>, y con la abstenci\u00f3n del PP, que\u00a0<b>proh\u00edbe las terapias de aversi\u00f3n\u00a0<\/b>para modificar la orientaci\u00f3n sexual y que tambi\u00e9n por primera vez contempla\u00a0<b>coberturas\u00a0<\/b>de todo tipo para las<b>\u00a0personas con variaciones intersexuales o con diferencias del desarrollo sexual<\/b>.<\/p>\n<p>El objetivo fundamental de esta ley es prevenir agresiones y erradicar cualquier discriminaci\u00f3n por cuestiones de orientaci\u00f3n sexual, y en el caso de las terapias de aversi\u00f3n contempla<b>\u00a0multas de hasta 120.000 euros<\/b>, tambi\u00e9n por difundirlas o publicitarlas. La ley crea el Espacio de la Memoria LGTBI, que albergar\u00e1 documentos relacionados con la represi\u00f3n que ha vivido este colectivo y recordar\u00e1 a las personas LGTBI que fueron perseguidas, torturadas y asesinadas; y el Consejo Valenciano LGTBI, un \u00f3rgano consultivo que velar\u00e1 por el cumplimiento de esta norma.<\/p>\n<p>&nbsp;<\/p>\n<p>&nbsp;<\/p>\n<p>&nbsp;<\/p>\n<p>Multas por difundir o publicitar terapias de aversi\u00f3n<\/p>\n<p>Adem\u00e1s, establece que los cuerpos policiales de los municipios de m\u00e1s de 50.000 habitantes tendr\u00e1n un grupo especializado en la prevenci\u00f3n de delitos de odio, y en el \u00e1mbito sanitario garantizar\u00e1 el acceso de estas personas a las t\u00e9cnicas de reproducci\u00f3n asistida en la sanidad p\u00fablica en condiciones de igualdad.<\/p>\n<p>La diputada\u00a0<b>socialista Rosa Mustaf\u00e1\u00a0<\/b>ha asegurado que, aunque queda \u201cmucho camino por recorrer\u201d, hoy es un \u201cd\u00eda grande\u201d porque se aprueba una ley \u201cambiciosa\u201d y que avanza en la igualdad \u201creal y efectiva\u201d, con la que se evitar\u00e1 que \u201cnadie m\u00e1s tenga que vivir dentro del armario o volver a entrar en \u00e9l\u201d.<\/p>\n<p>El portavoz de\u00a0<b>Comprom\u00eds<\/b>,<b>\u00a0Fran Ferri<\/b>, quien ha colgado en su esca\u00f1o la bandera arco\u00edris, ha reivindicado que esta es una ley hecha \u201ccon\u201d el colectivo LGTBI, que todav\u00eda sufre agresiones, odio o sencillamente miedo, y ha destacado que cuando se expulsa la homofobia de las instituciones, entra la igualdad por la puerta.<\/p>\n<figure class=\"story-leaf-body-image\"><img decoding=\"async\" class=\"img-responsive alignleft\" src=\"https:\/\/www.lavanguardia.com\/r\/GODO\/LV\/p5\/WebSite\/2018\/11\/21\/Recortada\/img_randres_20160628-174048_imagenes_lv_terceros_nino-kjW--656x437@LaVanguardia-Web.jpg\" alt=\"Manifestaci\u00f3n del Orgullo LGTBI en Val\u00e8ncia\" \/><\/p>\n<div class=\"seedtag-gohan seedtag-adunit\">\n<div class=\"st-container\"><\/div>\n<\/div><figcaption>Manifestaci\u00f3n del Orgullo LGTBI en Val\u00e8ncia (EFE)<\/figcaption><\/figure>\n<p>&nbsp;<\/p>\n<div id=\"google_ads_iframe_\/55964524\/lv_detalle\/local\/valencia\/n_7__container__\"><\/div>\n<p>&nbsp;<\/p>\n<p>La diputada de<b>\u00a0Podem Cristina Cabedo<\/b>, quien llevaba una camiseta con la palabra inglesa \u201cProud\u201d (orgullo), ha dicho que esta norma es \u201cun paso firme y justo hacia un colectivo estigmatizado\u201d y ha defendido que \u201cya toca salir y volar alto e inundarlo todo de plumas\u201d.<\/p>\n<p>Desde el\u00a0<b>PP<\/b>, su diputada\u00a0<b>Blanca Garrigues\u00a0<\/b>ha indicado que la postura de su grupo es una \u201cabstenci\u00f3n muy positiva\u201d, porque aunque no es la ley que habr\u00eda hecho su partido, son m\u00e1s las cosas que les unen que las que les separan, y no se oponen a una norma que \u201cdeber\u00eda unir a toda la sociedad y aunar todas las sensibilidades\u201d.<\/p>\n<p><b>Emilio Arg\u00fceso<\/b>, de\u00a0<b>Ciudadanos<\/b>, ha mostrado el apoyo \u201calto y claro\u201d de su grupo a la igualdad efectiva de las personas con independencia de su orientaci\u00f3n sexual, a erradicar cualquier forma de discriminaci\u00f3n y a una ley que habla de \u201cdignidad, respeto y de apostar por la diversidad\u201d.<\/p>\n","protected":false},"excerpt":{"rendered":"<p>La nueva norma proh\u00edbe las terapias de aversi\u00f3n para modificar la orientaci\u00f3n sexual e incluye un cap\u00edtulo dedicado a las personas con variaciones intersexuales o con diferencias del desarrollo sexual &nbsp; Las\u00a0Cortes Valencianas\u00a0han\u00a0aprobado\u00a0esta ma\u00f1ana la\u00a0ley m\u00e1s avanzada en Espa\u00f1a\u00a0en la\u00a0protecci\u00f3n del colectivo LGTBI. Una norma, con el apoyo del\u00a0PSPV,\u00a0Comprom\u00eds,\u00a0Podem\u00a0y\u00a0Cs, y con la abstenci\u00f3n del PP, [&hellip;]<\/p>\n","protected":false},"author":4,"featured_media":67976,"comment_status":"open","ping_status":"open","sticky":false,"template":"","format":"standard","meta":{"footnotes":""},"categories":[85,57,53,83],"tags":[],"class_list":["post-67975","post","type-post","status-publish","format-standard","has-post-thumbnail","hentry","category-espana","category-mundo-gay","category-provincias","category-reportajes"],"_links":{"self":[{"href":"https:\/\/2horizontes.com\/index.php?rest_route=\/wp\/v2\/posts\/67975","targetHints":{"allow":["GET"]}}],"collection":[{"href":"https:\/\/2horizontes.com\/index.php?rest_route=\/wp\/v2\/posts"}],"about":[{"href":"https:\/\/2horizontes.com\/index.php?rest_route=\/wp\/v2\/types\/post"}],"author":[{"embeddable":true,"href":"https:\/\/2horizontes.com\/index.php?rest_route=\/wp\/v2\/users\/4"}],"replies":[{"embeddable":true,"href":"https:\/\/2horizontes.com\/index.php?rest_route=%2Fwp%2Fv2%2Fcomments&post=67975"}],"version-history":[{"count":1,"href":"https:\/\/2horizontes.com\/index.php?rest_route=\/wp\/v2\/posts\/67975\/revisions"}],"predecessor-version":[{"id":67977,"href":"https:\/\/2horizontes.com\/index.php?rest_route=\/wp\/v2\/posts\/67975\/revisions\/67977"}],"wp:featuredmedia":[{"embeddable":true,"href":"https:\/\/2horizontes.com\/index.php?rest_route=\/wp\/v2\/media\/67976"}],"wp:attachment":[{"href":"https:\/\/2horizontes.com\/index.php?rest_route=%2Fwp%2Fv2%2Fmedia&parent=67975"}],"wp:term":[{"taxonomy":"category","embeddable":true,"href":"https:\/\/2horizontes.com\/index.php?rest_route=%2Fwp%2Fv2%2Fcategories&post=67975"},{"taxonomy":"post_tag","embeddable":true,"href":"https:\/\/2horizontes.com\/index.php?rest_route=%2Fwp%2Fv2%2Ftags&post=67975"}],"curies":[{"name":"wp","href":"https:\/\/api.w.org\/{rel}","templated":true}]}}