{"id":67972,"date":"2018-11-21T13:57:39","date_gmt":"2018-11-21T12:57:39","guid":{"rendered":"http:\/\/2horizontes.com\/?p=67972"},"modified":"2018-11-21T13:57:39","modified_gmt":"2018-11-21T12:57:39","slug":"barcelonaun-muerto-y-cinco-heridos-graves-al-descarrilar-un-rodalies-entre-terrassa-y-manresa","status":"publish","type":"post","link":"https:\/\/2horizontes.com\/?p=67972","title":{"rendered":"Barcelona:Un muerto y cinco heridos graves al descarrilar un Rodalies entre Terrassa y Manresa"},"content":{"rendered":"<h2 class=\"story-leaf-subtitle-item col-md-10\">Hay 41 heridos leves y 86 pasajeros han resultado ilesos<\/h2>\n<h2 class=\"story-leaf-subtitle-item col-md-10\">El accidente en la R4 ha provocado que se interrumpa la circulaci\u00f3n de trenes<\/h2>\n<p>&nbsp;<\/p>\n<p>Un tren de\u00a0<b>Rodalies\u00a0<\/b>entre\u00a0<b>Terrassa\u00a0<\/b>y\u00a0<b>Manresa<\/b>\u00a0ha descarrilado esta ma\u00f1ana sobre las 6.15 horas. El siniestro se ha producido en la l\u00ednea\u00a0<b>R4<\/b>\u00a0cuando pasaba por Vacarisses y Vacarisses-Torreblanca. En ese punto cuatro de los seis vagones se salieron de la v\u00eda a consecuencia de un desprendimiento de tierra fruto de las intensas lluvias. Protecci\u00f3n Civil ha confirmado de forma oficial que hay\u00a0<b>un muerto, cinco heridos graves y 44 leves<\/b>. El resto,\u00a083 pasajeros, han resultado\u00a0<b>ilesos<\/b>\u00a0.<\/p>\n<h2 class=\"despiece-story-epigraph\">Accidente de tren<\/h2>\n<h3 class=\"despiece-story-title-text\"><\/h3>\n<p>Un total de 14 dotaciones de los bomberos de la Generalitat, once ambulancias del\u00a0<b>Sistema de Emergencias M\u00e9dicas<\/b>\u00a0(Sem) y siete dotaciones de los Mossos d\u2019Esquadra han trabajado en el rescate de los heridos y la evacuaci\u00f3n de los pasajeros a hospitales cercanos. Cuatro personas han sido hospitalizadas en la\u00a0<b>M\u00fatua Terrassa<\/b>, dos han sido evacuados al Parc Taul\u00ed, uno a Althaia, otro al CUAP de Manresa y tres m\u00e1s al\u00a0<b>CUAP<\/b>\u00a0Sant F\u00e9lix. Poco despu\u00e9s de las ocho de la ma\u00f1ana ya estaba todo el\u00a0<b>pasaje evacuado<\/b>\u00a0y a mediod\u00eda solo dos de los heridos segu\u00edan hospitalizados.<\/p>\n<p>El\u00a0<b>pasajero fallecido\u00a0<\/b>es un hombre de 36 a\u00f1os de nacionalidad espa\u00f1ola y vecino de la poblaci\u00f3n de Castellbell i el Vilar. Seg\u00fan fuentes de la investigaci\u00f3n, el cuerpo fue localizado en el exterior del convoy. Aunque en un primer momento se baraj\u00f3 la posibilidad de que se tratara de una persona ajena a los viajeros, los investigadores han descartado esta circunstancia y afirman que\u00a0sali\u00f3 despedido del Rodalies a consecuencia del impacto.<\/p>\n<p>En el lugar del siniestro se puede apreciar como la\u00a0<b>malla met\u00e1lica de seguridad\u00a0<\/b>en la ladera\u00a0acab\u00f3 cediendo por el peso de las rocas desprendidas. Las piedras y la tierra llegaron hasta la v\u00eda y fue eso lo que provoc\u00f3 que descarrilara. Falta por saber si este movimiento de tierra se produjo antes o durante el paso del tren.<\/p>\n<p>.<\/p>\n<p><span class=\"block-element\"><span class=\"block-element story-leaf-body-video marginb20\"><iframe src=\"https:\/\/www.youtube.com\/embed\/HfH1Jwixc5o\" width=\"100%\" frameborder=\"0\" allowfullscreen=\"allowfullscreen\" data-mce-fragment=\"1\"><\/iframe><\/span><\/span><ins id=\"ad-7t7veqlnrff\" class=\"ad-displayed\" data-ad-type=\"roba\" data-ad-device=\"md\" data-ad-sizes=\"[&quot;fluid&quot;,[300,250],[300,300],[300,600],[320,300]]\" data-ad-lazy=\"false\" data-event-scroll-md=\"\" data-name=\"roba2\" data-google-query-id=\"CKCqlajD5d4CFW5WFQgddiAIUg\"><\/ins><\/p>\n<p>&nbsp;<\/p>\n<p>El descarrilamiento se ha producido a la altura del kil\u00f3metro 32 de la carretera C-25, entre Can Serra y el pol\u00edgono Can Torrella. A consecuencia de este accidente\u00a0la\u00a0<b>circulaci\u00f3n\u00a0<\/b>en toda la l\u00ednea R4 ha quedado\u00a0<b>interrumpida<\/b>\u00a0. Desde Rodalies han habilitando servicios alternativos de transporte por carretera.<\/p>\n<p>Adem\u00e1s, la\u00a0<b>carretera C-58<\/b>\u00a0en Vacarisses, en los dos sentidos, ha quedado cortada unas horas al tr\u00e1fico para as\u00ed facilitar las labores de los equipos de emergencias. Los desv\u00edos se realizaron por la C-16,sobre las 12.30 horas la circulaci\u00f3n por carretera pudo recuperar la normalidad.<\/p>\n<p><span class=\"block-element\"><span class=\"block-element story-leaf-body-video marginb20\"><iframe src=\"https:\/\/www.youtube.com\/embed\/zdWEhNvCR1U\" width=\"100%\" frameborder=\"0\" allowfullscreen=\"allowfullscreen\" data-mce-fragment=\"1\"><\/iframe><\/span><\/span><\/p>\n<p>T\u00e9cnicos de Adif revisaron ayer mismo la zona de\u00a0<b>Vacarisses\u00a0<\/b>sin detectar ninguna anomal\u00eda tras las lluvias ca\u00eddas en Catalunya estos d\u00edas. Seg\u00fan han detallado a la agencia EFE, nada de los que observaron les hizo tener \u201cla m\u00e1s m\u00ednima sospecha\u201d de que un desprendimiento como el de hoy podr\u00eda ocurrir.<\/p>\n<p>El tramo de la l\u00ednea R4, a la altura de Vacarisses, en el que ha descarrilado hoy el tren ya ha sufrido\u00a0otros incidentes similares en el pasado, por las mismas causas: las lluvias y desprendimientos de tierras. El m\u00e1s grave de ellos ocurri\u00f3 en marzo de 2011, cuando una piedra de grandes dimensiones cay\u00f3 sobre la v\u00eda dejando 11 heridos leves.<\/p>\n<p>&nbsp;<\/p>\n<div id=\"google_ads_iframe_\/55964524\/lv_detalle\/sucesos\/n_6__container__\"><\/div>\n<p><span class=\"block-element\"><span class=\"block-element story-leaf-body-video marginb20\"><iframe src=\"https:\/\/www.youtube.com\/embed\/ydQ9HNoMBT8\" width=\"100%\" frameborder=\"0\" allowfullscreen=\"allowfullscreen\" data-mce-fragment=\"1\"><\/iframe><\/span><\/span><\/p>\n<p>&nbsp;<\/p>\n<p>El\u00a0<b>pasajero fallecido\u00a0<\/b>es un hombre de 36 a\u00f1os de nacionalidad espa\u00f1ola y vecino de la poblaci\u00f3n de Castellbell i el Vilar. Seg\u00fan fuentes de la investigaci\u00f3n, el cuerpo fue localizado en el exterior del convoy. Aunque en un primer momento se baraj\u00f3 la posibilidad de que se tratara de una persona ajena a los viajeros, los investigadores han descartado esta circunstancia y afirman que\u00a0sali\u00f3 despedido del Rodalies a consecuencia del impacto.<\/p>\n<p>En el lugar del siniestro se puede apreciar como la\u00a0<b>malla met\u00e1lica de seguridad\u00a0<\/b>en la ladera\u00a0acab\u00f3 cediendo por el peso de las rocas desprendidas. Las piedras y la tierra llegaron hasta la v\u00eda y fue eso lo que provoc\u00f3 que descarrilara. Falta por saber si este movimiento de tierra se produjo antes o durante el paso del tren.<\/p>\n<p><span class=\"block-element\"><span class=\"block-element story-leaf-body-video marginb20\"><iframe src=\"https:\/\/www.youtube.com\/embed\/HfH1Jwixc5o\" width=\"100%\" frameborder=\"0\" allowfullscreen=\"allowfullscreen\" data-mce-fragment=\"1\"><\/iframe><\/span><\/span><ins id=\"ad-7t7veqlnrff\" class=\"ad-displayed\" data-ad-type=\"roba\" data-ad-device=\"md\" data-ad-sizes=\"[&quot;fluid&quot;,[300,250],[300,300],[300,600],[320,300]]\" data-ad-lazy=\"false\" data-event-scroll-md=\"\" data-name=\"roba2\" data-google-query-id=\"CKCqlajD5d4CFW5WFQgddiAIUg\"><\/ins><\/p>\n<p>&nbsp;<\/p>\n<p>El descarrilamiento se ha producido a la altura del kil\u00f3metro 32 de la carretera C-25, entre Can Serra y el pol\u00edgono Can Torrella. A consecuencia de este accidente\u00a0la\u00a0<b>circulaci\u00f3n\u00a0<\/b>en toda la l\u00ednea R4 ha quedado\u00a0<b>interrumpida<\/b>\u00a0. Desde Rodalies han habilitando servicios alternativos de transporte por carretera.<\/p>\n<p>Adem\u00e1s, la\u00a0<b>carretera C-58<\/b>\u00a0en Vacarisses, en los dos sentidos, ha quedado cortada unas horas al tr\u00e1fico para as\u00ed facilitar las labores de los equipos de emergencias. Los desv\u00edos se realizaron por la C-16,sobre las 12.30 horas la circulaci\u00f3n por carretera pudo recuperar la normalidad.<\/p>\n<p><span class=\"block-element\"><span class=\"block-element story-leaf-body-video marginb20\"><iframe src=\"https:\/\/www.youtube.com\/embed\/zdWEhNvCR1U\" width=\"100%\" frameborder=\"0\" allowfullscreen=\"allowfullscreen\" data-mce-fragment=\"1\"><\/iframe><\/span><\/span><\/p>\n<p>T\u00e9cnicos de Adif revisaron ayer mismo la zona de\u00a0<b>Vacarisses\u00a0<\/b>sin detectar ninguna anomal\u00eda tras las lluvias ca\u00eddas en Catalunya estos d\u00edas. Seg\u00fan han detallado a la agencia EFE, nada de los que observaron les hizo tener \u201cla m\u00e1s m\u00ednima sospecha\u201d de que un desprendimiento como el de hoy podr\u00eda ocurrir.<\/p>\n<p>El tramo de la l\u00ednea R4, a la altura de Vacarisses, en el que ha descarrilado hoy el tren ya ha sufrido\u00a0otros incidentes similares en el pasado, por las mismas causas: las lluvias y desprendimientos de tierras. El m\u00e1s grave de ellos ocurri\u00f3 en marzo de 2011, cuando una piedra de grandes dimensiones cay\u00f3 sobre la v\u00eda dejando 11 heridos leves.<\/p>\n<p>&nbsp;<\/p>\n<p>&nbsp;<\/p>\n<p>&nbsp;<\/p>\n<h2 class=\"despiece-story-epigraph\">Accidente de tren en Barce\u00f1ona<\/h2>\n<p>Torra y los consellers Buch y Calvet han acudido a la zona del siniestro<\/p>\n<p>El president de la Generalitat,\u00a0<b>Quim Torra<\/b>, se ha personado en la zona junto a los consellers Miquel\u00a0<b>Buch\u00a0<\/b>y Dami\u00e0\u00a0<b>Calvet<\/b>,\u00a0para seguir en primera l\u00ednea el dispositivo de emergencias. Los tres han mandado su p\u00e9same a los familiares de la v\u00edctima mortal y han felicitado a los servicios de emergencias por su r\u00e1pida actuaci\u00f3n.<\/p>\n<p>El conseller de Territori, Dami\u00e0\u00a0<b>Calvet<\/b>, ha pedido en los micr\u00f3fonos de\u00a0<i>El M\u00f3n a RAC1\u00a0<\/i>que habr\u00eda que realizar una revisi\u00f3n permanente de las l\u00edneas de\u00a0<b>Rodalies<\/b>. \u201cEn este tramo ya hab\u00edan ocurrido otros desprendimientos como el de hoy\u201d ha apuntado.<\/p>\n<p><span class=\"block-element\"><span class=\"block-element story-leaf-body-video marginb20\"><iframe src=\"https:\/\/www.youtube.com\/embed\/QNMP4eI5DmQ\" width=\"100%\" frameborder=\"0\" allowfullscreen=\"allowfullscreen\" data-mce-fragment=\"1\"><\/iframe><\/span><\/span><\/p>\n<p>Por su parte, el ministro de Fomento Jos\u00e9 Luis\u00a0<b>\u00c1balos\u00a0<\/b>ha asegurado que van a investigar el descarrilamiento para depurar responsabilidades. Ha se\u00f1alado en la Cadena Ser que el accidente se ha producido en una zona enmallada que no resistido el desprendimiento de rocas, pero ha dicho desconocer si el desprendimiento ha ocurrido antes de que pasara el convoy o mientras pasaba.<\/p>\n","protected":false},"excerpt":{"rendered":"<p>Hay 41 heridos leves y 86 pasajeros han resultado ilesos El accidente en la R4 ha provocado que se interrumpa la circulaci\u00f3n de trenes &nbsp; Un tren de\u00a0Rodalies\u00a0entre\u00a0Terrassa\u00a0y\u00a0Manresa\u00a0ha descarrilado esta ma\u00f1ana sobre las 6.15 horas. El siniestro se ha producido en la l\u00ednea\u00a0R4\u00a0cuando pasaba por Vacarisses y Vacarisses-Torreblanca. En ese punto cuatro de los seis [&hellip;]<\/p>\n","protected":false},"author":4,"featured_media":67973,"comment_status":"open","ping_status":"open","sticky":false,"template":"","format":"video","meta":{"footnotes":""},"categories":[85,83],"tags":[],"class_list":["post-67972","post","type-post","status-publish","format-video","has-post-thumbnail","hentry","category-espana","category-reportajes","post_format-post-format-video"],"_links":{"self":[{"href":"https:\/\/2horizontes.com\/index.php?rest_route=\/wp\/v2\/posts\/67972","targetHints":{"allow":["GET"]}}],"collection":[{"href":"https:\/\/2horizontes.com\/index.php?rest_route=\/wp\/v2\/posts"}],"about":[{"href":"https:\/\/2horizontes.com\/index.php?rest_route=\/wp\/v2\/types\/post"}],"author":[{"embeddable":true,"href":"https:\/\/2horizontes.com\/index.php?rest_route=\/wp\/v2\/users\/4"}],"replies":[{"embeddable":true,"href":"https:\/\/2horizontes.com\/index.php?rest_route=%2Fwp%2Fv2%2Fcomments&post=67972"}],"version-history":[{"count":1,"href":"https:\/\/2horizontes.com\/index.php?rest_route=\/wp\/v2\/posts\/67972\/revisions"}],"predecessor-version":[{"id":67974,"href":"https:\/\/2horizontes.com\/index.php?rest_route=\/wp\/v2\/posts\/67972\/revisions\/67974"}],"wp:featuredmedia":[{"embeddable":true,"href":"https:\/\/2horizontes.com\/index.php?rest_route=\/wp\/v2\/media\/67973"}],"wp:attachment":[{"href":"https:\/\/2horizontes.com\/index.php?rest_route=%2Fwp%2Fv2%2Fmedia&parent=67972"}],"wp:term":[{"taxonomy":"category","embeddable":true,"href":"https:\/\/2horizontes.com\/index.php?rest_route=%2Fwp%2Fv2%2Fcategories&post=67972"},{"taxonomy":"post_tag","embeddable":true,"href":"https:\/\/2horizontes.com\/index.php?rest_route=%2Fwp%2Fv2%2Ftags&post=67972"}],"curies":[{"name":"wp","href":"https:\/\/api.w.org\/{rel}","templated":true}]}}