{"id":67964,"date":"2018-11-21T13:40:45","date_gmt":"2018-11-21T12:40:45","guid":{"rendered":"http:\/\/2horizontes.com\/?p=67964"},"modified":"2018-11-21T13:42:46","modified_gmt":"2018-11-21T12:42:46","slug":"pastor-abronca-a-los-partidos-por-el-abuso-de-los-insultos-en-el-congreso","status":"publish","type":"post","link":"https:\/\/2horizontes.com\/?p=67964","title":{"rendered":"Pastor abronca a los partidos por el abuso de los insultos en el Congreso"},"content":{"rendered":"<h2 class=\"articulo-subtitulo\">La presidenta de la C\u00e1mara expulsa a Rufi\u00e1n del Congreso por acusar de \u00abfascista\u00bb al ministro de Asuntos Exteriores<\/h2>\n<p>&nbsp;<\/p>\n<p>El Congreso ha vivido este mi\u00e9rcoles una ma\u00f1ana de m\u00e1xima tensi\u00f3n con una fuerte escalada de insultos que ha culminado la expulsi\u00f3n de la C\u00e1mara del diputado de ERC Gabriel Rufi\u00e1n, despu\u00e9s de que la presidenta del Congreso, Ana Pastor, le llamara al orden.\u00a0 Todos los diputados de Esquerra acompa\u00f1aron al diputado de su formaci\u00f3n expulsado en su salida del hemiciclo.\u00a0Pastor ha puesto pie en pared ante la escalada verbal en la C\u00e1mara baja, donde Ciudadanos y ERC llevan d\u00edas acus\u00e1ndose de golpistas y fascistas. Ciudadanos, ERC y el Gobierno han sido los actores fundamentales de la fuerte controversia, siempre con la crisis catalana como tel\u00f3n de fondo.<\/p>\n<p>La denuncia del ministro de Exteriores, Josep Borrell, de que el diputado de ERC Jordi Salvador le ha escupido cuando abandonaba el hemiciclo llegar\u00e1 a\u00a0la Mesa del Congreso. Esta acusaci\u00f3n ha sido negada rotundamente por el grupo republicano que, a pesar de lo ocurrido, expres\u00f3 su respeto y apoyo a la presidenta del Congreso, Ana Pastor. La \u00faltima vez que fue expulsado un diputado del hemiciclo fue en 2006 cuando el entonces presidente, Manuel Mar\u00edn, ech\u00f3 al diputado popular Vicente Mart\u00ednez Pujalte.<\/p>\n<p>Gabriel Rufi\u00e1n utiliz\u00f3 su pregunta para atacar con dureza a Borrell, al que descalific\u00f3 como \u00abuna verg\u00fcenza\u00bb por sus consideraciones en el pasado sobre antiguos miembros del Gobierno de la Generalitat\u00a0de Catalu\u00f1a ahora en la c\u00e1rcel, como el exvicepresidente Oriol Junqueras o el exconsejero de Exteriores\u00a0Ra\u00fcl Romeva. Fue en ese momento cuando el ministro de Exteriores lament\u00f3 que Rufi\u00e1n no debatiera sobre asuntos s\u00f3lidos sino que vertiera \u00abserr\u00edn y esti\u00e9rcol\u00bb. \u00abEs lo \u00fanico que usted es capaz de verter\u00bb, dijo Borrell con una mayor\u00eda de los diputados del PSOE levantados de sus asientos para aplaudir su intervenci\u00f3n.<\/p>\n<p>El orden se ha restablecido despu\u00e9s de que la presidenta del Congreso haya expulsado a Rufi\u00e1n por descalificar a\u00a0 Borrell, a quien ha calificado como\u00a0\u00abel ministro m\u00e1s indigno de la democracia\u00bb y \u00abfascista\u00bb.\u00a0\u00a0Su expulsi\u00f3n no se ha debido a lo que ha dicho sino a que no ha atendido a los requerimientos de Pastor de que dejara de hacer aspavientos, puesto en pie, mientras hablaba el ministro Borrell. Rufi\u00e1n segu\u00eda hablando a gritos a pesar de los avisos de Pastor.<\/p>\n<p>La presidenta ha aprovechado el enfrentamiento para dirigirse a los diputados, visiblemente consternada, para reclamar el fin de los insultos que proliferan cada vez con m\u00e1s intensidad. Pastor ha recordado que a ella le llamaron \u00abinstitutriz\u00bb, menci\u00f3n que le pareci\u00f3 \u00abmachista\u00bb, aunque la presidenta quiso ir al fondo del problema: \u00abEsta es la casa de la palabra y no se puede utilizar para insultar. \u00bfC\u00f3mo puede ocurrir esto cuando en teor\u00eda esta debiera ser la generaci\u00f3n de parlamentarios mejor preparada y deber\u00edan dar ejemplo en el buen uso de la oratoria?\u00bb, ha considerado.<\/p>\n<p>Como primera medida, ha ordenado la retirada del diario de sesiones de las palabras \u00abgolpista\u00bb y\u00a0 \u00abfascista\u00bb, que desde el martes se est\u00e1n cruzando diputados del PP y Ciudadanos con los de ERC.<\/p>\n<p>Sin embargo, el PP, a trav\u00e9s de Javier Maroto, ha asegurado que su partido \u00abno comparte\u00bb la decisi\u00f3n de la presidenta del Congreso de suprimir del diario de sesiones el t\u00e9rmino \u00abgolpista\u00bb y ha anunciado que su grupo parlamentario lo llevar\u00e1 a la Mesa del Congreso para revisarlo. Fuentes de la presidencia de la C\u00e1mara han precisado que la intenci\u00f3n de Pastor es que se retiren del diario de sesiones las expresiones de \u00abgolpista\u00bb y \u00abfascista\u00bb cuando sean utilizadas como un insulto hacia alg\u00fan diputado, pero que se permitir\u00e1 hacer referencia al fascismo o a golpes de Estado.<\/p>\n<p>Pero tambi\u00e9n ha habido problemas con los gestos. Un adem\u00e1n despectivo del diputado republicano Jordi Salvador, seg\u00fan ERC, ha sido percibido por Borrell como un escupitajo. Las c\u00e1maras registran como ese parlamentario vuelve su cabeza hacia el ministro, seg\u00fan sal\u00eda del hemiciclo, pero no se detecta si le escupe o no. A este respecto, en los pasillos, el ministro ha sido preguntado sobre el incidente y si, en realidad, habr\u00eda sido un mero gesto. \u00abNo voy a hacer la anatom\u00eda del escupitajo, estas cosas no deber\u00edan pasar\u00bb. \u00abAna Pastor ha estado muy bien, ha controlado la situaci\u00f3n muy bien\u00bb, ha se\u00f1alado Borrell a la salida.<\/p>\n<h3>\u00abConvertir la pol\u00edtica en cenagal\u00bb<\/h3>\n<p>El ministro ha reiterado que las palabras del diputado de ERC no se deber\u00edan utilizar en un debate pol\u00edtico, en el que entiende que s\u00ed son v\u00e1lidas las cr\u00edticas, \u00abpero no el insulto para convertir la pol\u00edtica en un cenagal\u00bb. Borrell hab\u00eda espetado a Rufi\u00e1n que sus intervenciones se basaban en lanzar \u00abserr\u00edn y esti\u00e9rcol\u00bb. Para el ministro eso no es insulto sino \u00abuna descripci\u00f3n\u00bb.<\/p>\n<p>Todos los parlamentarios de ERC, encabezados por su portavoz, Joan Tard\u00e1, han comparecido ante los medios de comunicaci\u00f3n para mostrarse unidos como una pi\u00f1a, mostrar su respeto a la presidenta del Congreso, negar que hubiera habido escupitajos y denunciar con vehemencia los insultos que ellos reciben desde \u00abhace muchos meses\u00bb cuando les llama \u00abgolpistas\u00bb. \u00abYa est\u00e1 bien, ya no podemos m\u00e1s\u00bb, ha proclamado el portavoz del grupo republicano. \u00abNo estamos a la ofensiva sino a la defensiva, nos estamos defendiendo\u00bb, ha explicado Tard\u00e1.<\/p>\n<p>El d\u00eda anterior, el presidente de Ciudadanos, Albert Rivera, les llam\u00f3 \u00abgolpistas\u00bb. Los republicanos hab\u00edan avisado de que cada vez que les dirigiesen ese calificativo, responder\u00edan con la descalificaci\u00f3n de \u00abfascista\u00bb. Y eso es lo que ha ocurrido este mi\u00e9rcoles hasta que la presidenta del Congreso ha dicho que se acab\u00f3. Aunque no directamente, tambi\u00e9n a Pedro S\u00e1nchez se le asimila a los partidos independentistas, tal como hizo en pasadas semanas el l\u00edder del PP, Pablo Casado, que acus\u00f3 al jefe del Gobierno de ser \u00abc\u00f3mplice de los golpistas\u00bb.<\/p>\n<p>La presidenta de la C\u00e1mara ha aprovechado ese cl\u00edmax y la dureza de esos momentos para llamar al orden a todos los parlamentarios y recordarles que la instituci\u00f3n se fundamenta en el uso de la palabra como herramienta pol\u00edtica. Y tambi\u00e9n para advertir, desde el honor de presidir las Cortes, que no volver\u00e1 a permitir este tipo de trifulcas, dada la tensi\u00f3n creciente que se palpa en los debates del Congreso en los \u00faltimos meses.<\/p>\n","protected":false},"excerpt":{"rendered":"<p>La presidenta de la C\u00e1mara expulsa a Rufi\u00e1n del Congreso por acusar de \u00abfascista\u00bb al ministro de Asuntos Exteriores &nbsp; El Congreso ha vivido este mi\u00e9rcoles una ma\u00f1ana de m\u00e1xima tensi\u00f3n con una fuerte escalada de insultos que ha culminado la expulsi\u00f3n de la C\u00e1mara del diputado de ERC Gabriel Rufi\u00e1n, despu\u00e9s de que la [&hellip;]<\/p>\n","protected":false},"author":4,"featured_media":67965,"comment_status":"open","ping_status":"open","sticky":false,"template":"","format":"standard","meta":{"footnotes":""},"categories":[85,43],"tags":[],"class_list":["post-67964","post","type-post","status-publish","format-standard","has-post-thumbnail","hentry","category-espana","category-politica"],"_links":{"self":[{"href":"https:\/\/2horizontes.com\/index.php?rest_route=\/wp\/v2\/posts\/67964","targetHints":{"allow":["GET"]}}],"collection":[{"href":"https:\/\/2horizontes.com\/index.php?rest_route=\/wp\/v2\/posts"}],"about":[{"href":"https:\/\/2horizontes.com\/index.php?rest_route=\/wp\/v2\/types\/post"}],"author":[{"embeddable":true,"href":"https:\/\/2horizontes.com\/index.php?rest_route=\/wp\/v2\/users\/4"}],"replies":[{"embeddable":true,"href":"https:\/\/2horizontes.com\/index.php?rest_route=%2Fwp%2Fv2%2Fcomments&post=67964"}],"version-history":[{"count":3,"href":"https:\/\/2horizontes.com\/index.php?rest_route=\/wp\/v2\/posts\/67964\/revisions"}],"predecessor-version":[{"id":67968,"href":"https:\/\/2horizontes.com\/index.php?rest_route=\/wp\/v2\/posts\/67964\/revisions\/67968"}],"wp:featuredmedia":[{"embeddable":true,"href":"https:\/\/2horizontes.com\/index.php?rest_route=\/wp\/v2\/media\/67965"}],"wp:attachment":[{"href":"https:\/\/2horizontes.com\/index.php?rest_route=%2Fwp%2Fv2%2Fmedia&parent=67964"}],"wp:term":[{"taxonomy":"category","embeddable":true,"href":"https:\/\/2horizontes.com\/index.php?rest_route=%2Fwp%2Fv2%2Fcategories&post=67964"},{"taxonomy":"post_tag","embeddable":true,"href":"https:\/\/2horizontes.com\/index.php?rest_route=%2Fwp%2Fv2%2Ftags&post=67964"}],"curies":[{"name":"wp","href":"https:\/\/api.w.org\/{rel}","templated":true}]}}