{"id":67933,"date":"2018-11-19T12:31:15","date_gmt":"2018-11-19T11:31:15","guid":{"rendered":"http:\/\/2horizontes.com\/?p=67933"},"modified":"2018-11-19T12:31:15","modified_gmt":"2018-11-19T11:31:15","slug":"dirigentes-militantes-y-simpatizantes-prsc-espana-se-reunen-en-madrid","status":"publish","type":"post","link":"https:\/\/2horizontes.com\/?p=67933","title":{"rendered":"DIRIGENTES, MILITANTES Y SIMPATIZANTES PRSC-ESPA\u00d1A SE REUNEN EN MADRID"},"content":{"rendered":"<p>Madrid, 19-11-2018.<\/p>\n<p>Directivos, militantes y simpatizantes del PRSC en Espa\u00f1a se reunieron en Madrid, con motivo de dar inicio a los trabajos pol\u00edtico, ejecutar nuevos procesos de reestructuraci\u00f3n, estrategias, fortalecimiento del PRSC en Europa y una oposici\u00f3n constructiva al gobierno del Partido de la Liberaci\u00f3n Dominicana (PLD).<\/p>\n<p><a href=\"http:\/\/2horizontes.com\/wp-content\/uploads\/2018\/11\/ss.jpg\"><img loading=\"lazy\" decoding=\"async\" class=\"alignleft size-full wp-image-67935\" src=\"http:\/\/2horizontes.com\/wp-content\/uploads\/2018\/11\/ss.jpg\" alt=\"\" width=\"400\" height=\"400\" srcset=\"https:\/\/2horizontes.com\/wp-content\/uploads\/2018\/11\/ss.jpg 400w, https:\/\/2horizontes.com\/wp-content\/uploads\/2018\/11\/ss-150x150.jpg 150w, https:\/\/2horizontes.com\/wp-content\/uploads\/2018\/11\/ss-300x300.jpg 300w\" sizes=\"auto, (max-width: 400px) 100vw, 400px\" \/><\/a><\/p>\n<p>La convocatoria estuvo a cargo del Vicepresidente de Ultramar del PRSC para Europa <strong>Geraldo G. Pi\u00f1a,<\/strong> hablando en nombre y representaci\u00f3n del PRSC, quien expres\u00f3 las informaciones, t\u00e9cnicas, estrategias, nuevos procesos y la reestructuraci\u00f3n que, se llevar\u00e1 a cabo en el PRSC-Espa\u00f1a y dem\u00e1s filiales.<\/p>\n<p>En la actividad resaltaron las cualidades, calidad, m\u00e9ritos y el decoro de dirigentes, directivos, militantes y simpatizantes reformistas-balaguer\u00edstas que se han mantenidos con fidelidad, firmeza y lealtad al Partido; con fe inquebrantable; pese a las farsas, falsas y enga\u00f1osas esperanzas o promesas que brindan pol\u00edticos populistas como el Diputado Marcos Cross y algunos Ministros del PLD, as\u00ed como tambi\u00e9n algunos exdirigentes del PRSC que hacen causa com\u00fan con el PLD y el Gobierno de Danilo Medina.<\/p>\n<p>&nbsp;<\/p>\n<p>En la misma, el Dirigente del PRSC en Valencia, <strong>Juan Carlos Mella L\u00f3pez<\/strong> expres\u00f3 que, el PRSC est\u00e1 realizando una transformaci\u00f3n (renovaci\u00f3n, motivaci\u00f3n de liderazgo, regeneraci\u00f3n y fortalecimiento) para competir, lograr llegar al Poder y, sacar a los expoliadores del PLD (Partido de la Liberaci\u00f3n Dominicana) de todos los estamentos del Estado dominicano. Tambi\u00e9n, expres\u00f3: estar sorprendido al igual que la Autoridad del PRSC por el comportamiento indecoroso, desafiante y desleal de ITO BISON\u00d3 al realizar una actividad divisora en un bar de un amigo; en franco desaf\u00edo a la convocatoria oficial del PRSC, ya que con la misma; pretendi\u00f3 confundir o seguir confundiendo a sus seguidores y un sector de la sociedad dominicana.<\/p>\n<p>Por otro lado, el <strong>Licdo. C\u00e9sar Aquino (Martin<\/strong>), presidente de la Filial del PRSC-Valencia expres\u00f3 que, el PRSC debe participar en las elecciones generales sin alianza y con Candidatura propia, porque lo ideal es que el Partido lleve su propio Candidato a la Presidencia de la Rep\u00fablica; para tener un PRSC en una posici\u00f3n pol\u00edtica privilegiada para el futuro, con buenos resultados ya que, debemos convertir al Partido en opci\u00f3n de Poder para el 2020\u2026, porque las mujeres dominicanas y los dominicanos quieren un cambio de Gobierno y un partido diferente al PLD y PRD.<\/p>\n<p>&nbsp;<\/p>\n<p>Respecto a la visi\u00f3n, misi\u00f3n, trabajos y el futuro pol\u00edtico del PRSC-Espa\u00f1a y otros lugares, los nuevos miembros y militantes; manifestaron que, se sienten motivados, confiados y esperanzados en que, los procesos que inician, incluyan: cambios, renovaci\u00f3n, reestructuraci\u00f3n, disposiciones de cargos pol\u00edtico e INCLUSI\u00d3N de actores y sectores de la sociedad (dirigentes comunitarios,\u00a0 sociales, culturales, deportivos, estudiantiles, servidores-sociales, etc.), con miras a fortalecernos, incluir y unificar amplios sectores dela sociedad, para tener un Partido s\u00f3lido, abierto, democr\u00e1tico, unido y que sea un verdadero opositor a la mala pol\u00edtica y corrupci\u00f3n del PLD, as\u00ed como lograr una dirigencia capacitada, comprometida con esos valores y lineamientos, para lograr los objetivos y meta trazada.<\/p>\n<p>Expresaron que, mantienen el compromiso social, pol\u00edtico, los principios, valores e IDEAL respetando la instituci\u00f3n: siendo fieles, leales y firmes, practicando la acci\u00f3n Reform\u00edsta-Social cristiana del bien general o com\u00fan que, promueve y fomenta la organizaci\u00f3n, porque en ello se inspiran y mantienen en alto; el honor, pensamiento y designios de nuestro m\u00e1ximo l\u00edder el Dr. Joaqu\u00edn Balaguer, por ello los m\u00e9ritos y el esfuerzo logrado en las filiales se pueden exhibir resultados decorosos, aunque con sacrificio, pero sin compromisos personales; sino con Dios, el Partido y el pueblo, respetando la l\u00ednea pol\u00edtica, filosof\u00eda, doctrina y lineamientos de las Autoridades actuales del Partido que nos representan.<\/p>\n<p>Finalmente, recordaron a la m\u00e1xima Autoridad del PRSC en Rep\u00fablica Dominicana: evaluar, valorar y motivar en su justa dimensi\u00f3n, la lealtad (fidelidad), el trabajo, esfuerzo-sacrificio-pol\u00edtico, el liderazgo y, los votantes reform\u00edstas-balaguer\u00edstas, y asignar la cuota de cargos pol\u00edtico, as\u00ed como la log\u00edstica para las filiales europeas del PRSC o, del Exterior.<\/p>\n<p>&nbsp;<\/p>\n<p><strong>Fuente:<\/strong><\/p>\n<p><strong>Geraldo Pi\u00f1a.<\/strong><\/p>\n<p><strong>VICEPRESIDENTE DE ULTRAMAR: PRSC-EUROPA.<\/strong><\/p>\n","protected":false},"excerpt":{"rendered":"<p>Madrid, 19-11-2018. Directivos, militantes y simpatizantes del PRSC en Espa\u00f1a se reunieron en Madrid, con motivo de dar inicio a los trabajos pol\u00edtico, ejecutar nuevos procesos de reestructuraci\u00f3n, estrategias, fortalecimiento del PRSC en Europa y una oposici\u00f3n constructiva al gobierno del Partido de la Liberaci\u00f3n Dominicana (PLD). La convocatoria estuvo a cargo del Vicepresidente de [&hellip;]<\/p>\n","protected":false},"author":1,"featured_media":67934,"comment_status":"open","ping_status":"open","sticky":false,"template":"","format":"standard","meta":{"footnotes":""},"categories":[46,43,83],"tags":[],"class_list":["post-67933","post","type-post","status-publish","format-standard","has-post-thumbnail","hentry","category-dominicanos-en-madrid","category-politica","category-reportajes"],"_links":{"self":[{"href":"https:\/\/2horizontes.com\/index.php?rest_route=\/wp\/v2\/posts\/67933","targetHints":{"allow":["GET"]}}],"collection":[{"href":"https:\/\/2horizontes.com\/index.php?rest_route=\/wp\/v2\/posts"}],"about":[{"href":"https:\/\/2horizontes.com\/index.php?rest_route=\/wp\/v2\/types\/post"}],"author":[{"embeddable":true,"href":"https:\/\/2horizontes.com\/index.php?rest_route=\/wp\/v2\/users\/1"}],"replies":[{"embeddable":true,"href":"https:\/\/2horizontes.com\/index.php?rest_route=%2Fwp%2Fv2%2Fcomments&post=67933"}],"version-history":[{"count":1,"href":"https:\/\/2horizontes.com\/index.php?rest_route=\/wp\/v2\/posts\/67933\/revisions"}],"predecessor-version":[{"id":67936,"href":"https:\/\/2horizontes.com\/index.php?rest_route=\/wp\/v2\/posts\/67933\/revisions\/67936"}],"wp:featuredmedia":[{"embeddable":true,"href":"https:\/\/2horizontes.com\/index.php?rest_route=\/wp\/v2\/media\/67934"}],"wp:attachment":[{"href":"https:\/\/2horizontes.com\/index.php?rest_route=%2Fwp%2Fv2%2Fmedia&parent=67933"}],"wp:term":[{"taxonomy":"category","embeddable":true,"href":"https:\/\/2horizontes.com\/index.php?rest_route=%2Fwp%2Fv2%2Fcategories&post=67933"},{"taxonomy":"post_tag","embeddable":true,"href":"https:\/\/2horizontes.com\/index.php?rest_route=%2Fwp%2Fv2%2Ftags&post=67933"}],"curies":[{"name":"wp","href":"https:\/\/api.w.org\/{rel}","templated":true}]}}