{"id":67884,"date":"2018-11-15T02:56:07","date_gmt":"2018-11-15T01:56:07","guid":{"rendered":"http:\/\/2horizontes.com\/?p=67884"},"modified":"2018-11-15T03:00:12","modified_gmt":"2018-11-15T02:00:12","slug":"director-hospital-salvador-b-gautier-dice-no-tiene-informacion-desechos-sean-de-la-entidad","status":"publish","type":"post","link":"https:\/\/2horizontes.com\/?p=67884","title":{"rendered":"Director hospital Salvador B. Gautier dice no tiene informaci\u00f3n desechos sean de la entidad"},"content":{"rendered":"<p>SANTO DOMINGO.- El director del hospital Salvador B. Gautier, Franklin G\u00f3mez Montero, dijo este mi\u00e9rcoles que est\u00e1 sorprendido del hallazgo de varias fundas pl\u00e1sticas con desechos hospitalarios, las cuales supuestamente ten\u00edan el logo del referido centro de salud.<\/p>\n<div id=\"page-content-wrapper\" class=\"main\">\n<div class=\"container single-news\">\n<div class=\"row\">\n<div class=\"col-lg-9 col-md-8 col-sm-8 col-xs-12 details\">\n<div class=\"row details\">\n<div class=\"col-lg-9 col-md-12 col-sm-12 col-xs-12\">\n<div id=\"page-content-wrapper\" class=\"main\">\n<div class=\"container single-news\">\n<div class=\"row\">\n<div class=\"col-lg-9 col-md-8 col-sm-8 col-xs-12 details\">\n<div class=\"row details\">\n<div class=\"col-lg-9 col-md-12 col-sm-12 col-xs-12\">\n<p>En declaraciones a la prensa, G\u00f3mez Montero indic\u00f3 que no tiene informaci\u00f3n de que los restos sean de la entidad y que tienen contratado los servicios de una funeraria, la cual recibe un protocolo y va a un cementerio y entierra los desechos.<\/p>\n<div class=\"banner-contenido\">\n<div id=\"div-gpt-ad-1500684412156-0\" data-google-query-id=\"CPqX6Kik1d4CFRB3AQodajQG8A\">\n<div id=\"google_ads_iframe_\/173239197\/Banner_Noticia_Contenido_300x250_0__container__\">\u201cYo espero que las autoridades policiales y el Inacif identifiquen a los culpables del hecho y paguen y vallan\u00a0 a la justicia\u201d, se\u00f1al\u00f3.<\/div>\n<\/div>\n<\/div>\n<p>Manifest\u00f3, adem\u00e1s, que si las investigaciones arrojan que hay personal del hospital involucradas, las mismas ser\u00e1n canceladas, porque no admitir\u00e1 situaciones como esas.<\/p>\n<p>Destac\u00f3 que tiene un mes que ingres\u00f3 a trabajar al centro de salud y ha seguido los protocolos y gu\u00edas para el manejo de desechos humanos.<\/p>\n<p>Concluy\u00f3 que no le consta de que se trate de un hecho intencional para perjudicar su gesti\u00f3n.<\/p>\n<\/div>\n<\/div>\n<\/div>\n<\/div>\n<\/div>\n<\/div>\n<\/div>\n<\/div>\n<\/div>\n<\/div>\n<\/div>\n<\/div>\n","protected":false},"excerpt":{"rendered":"<p>SANTO DOMINGO.- El director del hospital Salvador B. Gautier, Franklin G\u00f3mez Montero, dijo este mi\u00e9rcoles que est\u00e1 sorprendido del hallazgo de varias fundas pl\u00e1sticas con desechos hospitalarios, las cuales supuestamente ten\u00edan el logo del referido centro de salud. En declaraciones a la prensa, G\u00f3mez Montero indic\u00f3 que no tiene informaci\u00f3n de que los restos sean [&hellip;]<\/p>\n","protected":false},"author":22776,"featured_media":67886,"comment_status":"open","ping_status":"open","sticky":false,"template":"","format":"standard","meta":{"footnotes":""},"categories":[44,45],"tags":[178,179],"class_list":["post-67884","post","type-post","status-publish","format-standard","has-post-thumbnail","hentry","category-republica-dominicana","category-salud","tag-extremidades-humanas","tag-salvador-b-gautier"],"_links":{"self":[{"href":"https:\/\/2horizontes.com\/index.php?rest_route=\/wp\/v2\/posts\/67884","targetHints":{"allow":["GET"]}}],"collection":[{"href":"https:\/\/2horizontes.com\/index.php?rest_route=\/wp\/v2\/posts"}],"about":[{"href":"https:\/\/2horizontes.com\/index.php?rest_route=\/wp\/v2\/types\/post"}],"author":[{"embeddable":true,"href":"https:\/\/2horizontes.com\/index.php?rest_route=\/wp\/v2\/users\/22776"}],"replies":[{"embeddable":true,"href":"https:\/\/2horizontes.com\/index.php?rest_route=%2Fwp%2Fv2%2Fcomments&post=67884"}],"version-history":[{"count":3,"href":"https:\/\/2horizontes.com\/index.php?rest_route=\/wp\/v2\/posts\/67884\/revisions"}],"predecessor-version":[{"id":67889,"href":"https:\/\/2horizontes.com\/index.php?rest_route=\/wp\/v2\/posts\/67884\/revisions\/67889"}],"wp:featuredmedia":[{"embeddable":true,"href":"https:\/\/2horizontes.com\/index.php?rest_route=\/wp\/v2\/media\/67886"}],"wp:attachment":[{"href":"https:\/\/2horizontes.com\/index.php?rest_route=%2Fwp%2Fv2%2Fmedia&parent=67884"}],"wp:term":[{"taxonomy":"category","embeddable":true,"href":"https:\/\/2horizontes.com\/index.php?rest_route=%2Fwp%2Fv2%2Fcategories&post=67884"},{"taxonomy":"post_tag","embeddable":true,"href":"https:\/\/2horizontes.com\/index.php?rest_route=%2Fwp%2Fv2%2Ftags&post=67884"}],"curies":[{"name":"wp","href":"https:\/\/api.w.org\/{rel}","templated":true}]}}