{"id":67836,"date":"2018-11-13T15:02:11","date_gmt":"2018-11-13T14:02:11","guid":{"rendered":"http:\/\/2horizontes.com\/?p=67836"},"modified":"2018-11-13T15:02:11","modified_gmt":"2018-11-13T14:02:11","slug":"ohnny-ventura-se-identifica-con-las-gestiones-del-pld-apoya-a-leonel","status":"publish","type":"post","link":"https:\/\/2horizontes.com\/?p=67836","title":{"rendered":"ohnny Ventura se identifica con las gestiones del PLD; apoya a Leonel"},"content":{"rendered":"<p>SANTO DOMINGO, Rep\u00fablica Dominicana.- El merenguero\u00a0Johnny Ventura\u00a0declar\u00f3 que se identifica con las gestiones de gobierno del \u00a0\u00a0PLD\u00a0 y que trabaja de la mano del Presidente de esa organizaci\u00f3n, Leonel Fern\u00e1ndez,\u00a0 para que este partido\u00a0 retenga el poder en las elecciones del 2020.<\/p>\n<p>El ex s\u00edndico del Distrito Nacional dijo que la obra de gobierno\u00a0 del PLD est\u00e1 esparcida por todo el pa\u00eds a la vista de todos los ciudadanos.\u00a0\u00a0\u201cLo que ha sembrado el PLD desde 1996 t\u00fa lo ves por todas partes, en cada rinc\u00f3n del pa\u00eds\u201d, agreg\u00f3 Ventura, \u00a0entrevistado en un programa de televisi\u00f3n.<\/p>\n<p>Expres\u00f3 que se \u00a0tiene en el PLD \u00a0una visi\u00f3n clara de lo que ser\u00e1 el mundo del 2020, en especial el ex Presidente Leonel Fern\u00e1ndez,\u00a0 a quien el (Johnny)\u00a0 acompa\u00f1a en la promoci\u00f3n de sus propuestas.<\/p>\n<p>El exdiputado por el Partido Revolucionario Dominicano, organizaci\u00f3n que fue aliada al PLD en las elecciones del 2016, expuso la necesidad de que los j\u00f3venes que incursionan en la pol\u00edtica se preparen acad\u00e9micamente para rendir un mejor servicio a su pa\u00eds.<\/p>\n<p>Por otra parte Ventura, quien dijo tener 78 a\u00f1os de edad, confes\u00f3 que est\u00e1 escribiendo tres libros sobre su vida art\u00edstica y profesional de manera simult\u00e1nea y con tem\u00e1ticas diferente.<\/p>\n","protected":false},"excerpt":{"rendered":"<p>SANTO DOMINGO, Rep\u00fablica Dominicana.- El merenguero\u00a0Johnny Ventura\u00a0declar\u00f3 que se identifica con las gestiones de gobierno del \u00a0\u00a0PLD\u00a0 y que trabaja de la mano del Presidente de esa organizaci\u00f3n, Leonel Fern\u00e1ndez,\u00a0 para que este partido\u00a0 retenga el poder en las elecciones del 2020. El ex s\u00edndico del Distrito Nacional dijo que la obra de gobierno\u00a0 del [&hellip;]<\/p>\n","protected":false},"author":1,"featured_media":67837,"comment_status":"open","ping_status":"open","sticky":false,"template":"","format":"standard","meta":{"footnotes":""},"categories":[43,44],"tags":[],"class_list":["post-67836","post","type-post","status-publish","format-standard","has-post-thumbnail","hentry","category-politica","category-republica-dominicana"],"_links":{"self":[{"href":"https:\/\/2horizontes.com\/index.php?rest_route=\/wp\/v2\/posts\/67836","targetHints":{"allow":["GET"]}}],"collection":[{"href":"https:\/\/2horizontes.com\/index.php?rest_route=\/wp\/v2\/posts"}],"about":[{"href":"https:\/\/2horizontes.com\/index.php?rest_route=\/wp\/v2\/types\/post"}],"author":[{"embeddable":true,"href":"https:\/\/2horizontes.com\/index.php?rest_route=\/wp\/v2\/users\/1"}],"replies":[{"embeddable":true,"href":"https:\/\/2horizontes.com\/index.php?rest_route=%2Fwp%2Fv2%2Fcomments&post=67836"}],"version-history":[{"count":1,"href":"https:\/\/2horizontes.com\/index.php?rest_route=\/wp\/v2\/posts\/67836\/revisions"}],"predecessor-version":[{"id":67838,"href":"https:\/\/2horizontes.com\/index.php?rest_route=\/wp\/v2\/posts\/67836\/revisions\/67838"}],"wp:featuredmedia":[{"embeddable":true,"href":"https:\/\/2horizontes.com\/index.php?rest_route=\/wp\/v2\/media\/67837"}],"wp:attachment":[{"href":"https:\/\/2horizontes.com\/index.php?rest_route=%2Fwp%2Fv2%2Fmedia&parent=67836"}],"wp:term":[{"taxonomy":"category","embeddable":true,"href":"https:\/\/2horizontes.com\/index.php?rest_route=%2Fwp%2Fv2%2Fcategories&post=67836"},{"taxonomy":"post_tag","embeddable":true,"href":"https:\/\/2horizontes.com\/index.php?rest_route=%2Fwp%2Fv2%2Ftags&post=67836"}],"curies":[{"name":"wp","href":"https:\/\/api.w.org\/{rel}","templated":true}]}}