{"id":67833,"date":"2018-11-13T14:58:10","date_gmt":"2018-11-13T13:58:10","guid":{"rendered":"http:\/\/2horizontes.com\/?p=67833"},"modified":"2018-11-13T14:58:10","modified_gmt":"2018-11-13T13:58:10","slug":"prd-tambien-hara-primarias-abiertas-y-simultaneas-para-su-candidato","status":"publish","type":"post","link":"https:\/\/2horizontes.com\/?p=67833","title":{"rendered":"PRD tambi\u00e9n har\u00e1 primarias abiertas y simult\u00e1neas para su candidato"},"content":{"rendered":"<p>SANTO DOMINGO, Rep\u00fablica Dominicana.- La Comisi\u00f3n Pol\u00edtica del Comit\u00e9 Ejecutivo Nacional del Partido Revolucionario Dominicano aprob\u00f3 este s\u00e1bado a unanimidad escogencia del m\u00e9todo de primarias abiertas y simult\u00e1neas, con el padr\u00f3n de la Junta Central Electoral -JCE-, para la elecci\u00f3n del candidato presidencial de esa organizaci\u00f3n.<\/p>\n<p>\u201cEl Comit\u00e9 Ejecutivo escoge el m\u00e9todo de primarias abiertas y simult\u00e1neas, con el padr\u00f3n de la Junta Central Electoral para la elecci\u00f3n del candidato presidencial del partido\u201d, inform\u00f3 Miguel Vargas, presidente del PRD,\u00a0 al t\u00e9rmino del proceso.<\/p>\n<p>Explic\u00f3 que para las candidaturas congresuales y municipales se dispuso la creaci\u00f3n de una asamblea de dirigentes y delegados y se designar\u00e1 una comisi\u00f3n de seguimiento que\u00a0 recomendar\u00e1 la modalidad correspondiente en cada demarcaci\u00f3n.<\/p>\n<p>Esa comisi\u00f3n estar\u00e1 integrada por Jos\u00e9 Leonel Cabrera, quien la presidir\u00e1; Peggy Cabral, Rafael V\u00e1squez, Julio Santos,\u00a0\u00a0Janet Camilo, Juan Morales, Juan Carlos Beras, Julio Mari\u00f1ez, Carlos Gabriel Garc\u00eda, Alejandro Abreu, H\u00e9ctor Guzm\u00e1n, Luis Ernesto Camilo, Ulises Hern\u00e1ndez, Joel D\u00edaz y Juan Santos.<\/p>\n<p>Para la elecci\u00f3n de candidatos congresuales y municipales se escogieron los m\u00e9todos de asamblea de delegados, de dirigentes y encuestas. Adem\u00e1s de design\u00f3 una comisi\u00f3n que se encargar\u00e1 de agilizar el montaje de la convenci\u00f3n interna.<\/p>\n<p>El pasado 27 de octubre el Comit\u00e9 Central del Partido de la Liberaci\u00f3n Dominicana tambi\u00e9n escogi\u00f3\u00a0 la modalidad de primarias simult\u00e1neas y abiertas con el padr\u00f3n de la JCE para seleccionar a su candidato.<\/p>\n","protected":false},"excerpt":{"rendered":"<p>SANTO DOMINGO, Rep\u00fablica Dominicana.- La Comisi\u00f3n Pol\u00edtica del Comit\u00e9 Ejecutivo Nacional del Partido Revolucionario Dominicano aprob\u00f3 este s\u00e1bado a unanimidad escogencia del m\u00e9todo de primarias abiertas y simult\u00e1neas, con el padr\u00f3n de la Junta Central Electoral -JCE-, para la elecci\u00f3n del candidato presidencial de esa organizaci\u00f3n. \u201cEl Comit\u00e9 Ejecutivo escoge el m\u00e9todo de primarias abiertas [&hellip;]<\/p>\n","protected":false},"author":1,"featured_media":67834,"comment_status":"open","ping_status":"open","sticky":false,"template":"","format":"standard","meta":{"footnotes":""},"categories":[43,44],"tags":[],"class_list":["post-67833","post","type-post","status-publish","format-standard","has-post-thumbnail","hentry","category-politica","category-republica-dominicana"],"_links":{"self":[{"href":"https:\/\/2horizontes.com\/index.php?rest_route=\/wp\/v2\/posts\/67833","targetHints":{"allow":["GET"]}}],"collection":[{"href":"https:\/\/2horizontes.com\/index.php?rest_route=\/wp\/v2\/posts"}],"about":[{"href":"https:\/\/2horizontes.com\/index.php?rest_route=\/wp\/v2\/types\/post"}],"author":[{"embeddable":true,"href":"https:\/\/2horizontes.com\/index.php?rest_route=\/wp\/v2\/users\/1"}],"replies":[{"embeddable":true,"href":"https:\/\/2horizontes.com\/index.php?rest_route=%2Fwp%2Fv2%2Fcomments&post=67833"}],"version-history":[{"count":1,"href":"https:\/\/2horizontes.com\/index.php?rest_route=\/wp\/v2\/posts\/67833\/revisions"}],"predecessor-version":[{"id":67835,"href":"https:\/\/2horizontes.com\/index.php?rest_route=\/wp\/v2\/posts\/67833\/revisions\/67835"}],"wp:featuredmedia":[{"embeddable":true,"href":"https:\/\/2horizontes.com\/index.php?rest_route=\/wp\/v2\/media\/67834"}],"wp:attachment":[{"href":"https:\/\/2horizontes.com\/index.php?rest_route=%2Fwp%2Fv2%2Fmedia&parent=67833"}],"wp:term":[{"taxonomy":"category","embeddable":true,"href":"https:\/\/2horizontes.com\/index.php?rest_route=%2Fwp%2Fv2%2Fcategories&post=67833"},{"taxonomy":"post_tag","embeddable":true,"href":"https:\/\/2horizontes.com\/index.php?rest_route=%2Fwp%2Fv2%2Ftags&post=67833"}],"curies":[{"name":"wp","href":"https:\/\/api.w.org\/{rel}","templated":true}]}}