{"id":67832,"date":"2018-11-13T17:37:08","date_gmt":"2018-11-13T16:37:08","guid":{"rendered":"http:\/\/2horizontes.com\/?p=67832"},"modified":"2018-11-13T17:37:08","modified_gmt":"2018-11-13T16:37:08","slug":"muere-joven-que-hace-diez-dias-le-cayo-encima-valla-publicitaria-en-rd","status":"publish","type":"post","link":"https:\/\/2horizontes.com\/?p=67832","title":{"rendered":"Muere joven que hace diez d\u00edas le cayo encima valla publicitaria en RD"},"content":{"rendered":"<div><strong>SANTO DOMINGO, R.D.-<\/strong>\u00a0Tras diez d\u00edas hospitalizada, falleci\u00f3 la mujer que le cay\u00f3 encima una valla publicitaria de un establecimiento comercial de la avenida Duarte, cuando \u00e9sta pasaba frente al establecimiento comercial.<\/div>\n<div><\/div>\n<div>Ana Esther M\u00e9ndez, de 26 a\u00f1os, muri\u00f3 cerca del mediod\u00eda de ayer, por los fuertes golpes recibidos en distintas partes del cuerpo, especialmente en la cabeza los que recibi\u00f3 al desplomarse la estructura met\u00e1lica.<\/div>\n<div><\/div>\n<div><ins class=\"adsbygoogle\" data-ad-client=\"ca-pub-9697809452388748\" data-ad-slot=\"6377825460\" data-ad-format=\"auto\" data-adsbygoogle-status=\"done\"><ins id=\"aswift_3_expand\"><ins id=\"aswift_3_anchor\"><\/ins><\/ins><\/ins>La hermana de la v\u00edctima, Ada Nuris M\u00e9ndez explic\u00f3 que los restos de su pariente ser\u00e1n velados en San Pedro de Macor\u00eds.<\/div>\n<div><\/div>\n<div>Sin embargo sus familiares, hasta el momento no han determinado el lugar donde ser\u00e1 sepultado el cuerpo de la joven.<\/div>\n<div><\/div>\n<div>La joven de 26 a\u00f1os fue impactada por la valla comercial cuando \u00e9sta pasaba frente local, recibiendo la mayor\u00eda de los golpes en la cara.<strong>\u00a0<\/strong><\/div>\n<div><\/div>\n<div><ins class=\"adsbygoogle\" data-ad-client=\"ca-pub-9697809452388748\" data-ad-slot=\"6377825460\" data-ad-format=\"auto\" data-adsbygoogle-status=\"done\"><ins id=\"aswift_4_expand\"><ins id=\"aswift_4_anchor\"><\/ins><\/ins><\/ins>La pen\u00faltima de cinco hermanos laboraba en un dealer de una telef\u00f3nica, ubicado en una tienda pr\u00f3ximo a lugar donde ocurri\u00f3 el accidente donde adem\u00e1s otras dos personas resultaron con heridas leves.<strong>\u00a0<\/strong><\/div>\n<div><\/div>\n<div>De acuerdo a versiones recogidas en el lugar, algunos buhoneros hab\u00edan advertido al ingeniero a cargo de la obra del peligro que representaba la valla.<\/div>\n<div>Tambi\u00e9n la valla destruy\u00f3 parte de la caseta de uno de los vendedores informales.<\/div>\n<div><\/div>\n<div><ins class=\"adsbygoogle\" data-ad-client=\"ca-pub-9697809452388748\" data-ad-slot=\"6377825460\" data-ad-format=\"auto\" data-adsbygoogle-status=\"done\"><ins id=\"aswift_5_expand\"><ins id=\"aswift_5_anchor\"><\/ins><\/ins><\/ins>El local, que est\u00e1 en fase de remodelaci\u00f3n, hab\u00eda sido adquirido hace unos meses supuestamente por venezolanos.<strong>\u00a0<\/strong><\/div>\n<div><\/div>\n<div>Los familiares de Ana Esther M\u00e9ndez manifestaron que interpondr\u00e1 una demanda en contra de los propietarios del local donde estaba sujeta la valla.<\/div>\n","protected":false},"excerpt":{"rendered":"<p>SANTO DOMINGO, R.D.-\u00a0Tras diez d\u00edas hospitalizada, falleci\u00f3 la mujer que le cay\u00f3 encima una valla publicitaria de un establecimiento comercial de la avenida Duarte, cuando \u00e9sta pasaba frente al establecimiento comercial. Ana Esther M\u00e9ndez, de 26 a\u00f1os, muri\u00f3 cerca del mediod\u00eda de ayer, por los fuertes golpes recibidos en distintas partes del cuerpo, especialmente en [&hellip;]<\/p>\n","protected":false},"author":22776,"featured_media":67848,"comment_status":"open","ping_status":"open","sticky":false,"template":"","format":"standard","meta":{"footnotes":""},"categories":[44],"tags":[172],"class_list":["post-67832","post","type-post","status-publish","format-standard","has-post-thumbnail","hentry","category-republica-dominicana","tag-valla-publicitaria"],"_links":{"self":[{"href":"https:\/\/2horizontes.com\/index.php?rest_route=\/wp\/v2\/posts\/67832","targetHints":{"allow":["GET"]}}],"collection":[{"href":"https:\/\/2horizontes.com\/index.php?rest_route=\/wp\/v2\/posts"}],"about":[{"href":"https:\/\/2horizontes.com\/index.php?rest_route=\/wp\/v2\/types\/post"}],"author":[{"embeddable":true,"href":"https:\/\/2horizontes.com\/index.php?rest_route=\/wp\/v2\/users\/22776"}],"replies":[{"embeddable":true,"href":"https:\/\/2horizontes.com\/index.php?rest_route=%2Fwp%2Fv2%2Fcomments&post=67832"}],"version-history":[{"count":1,"href":"https:\/\/2horizontes.com\/index.php?rest_route=\/wp\/v2\/posts\/67832\/revisions"}],"predecessor-version":[{"id":67849,"href":"https:\/\/2horizontes.com\/index.php?rest_route=\/wp\/v2\/posts\/67832\/revisions\/67849"}],"wp:featuredmedia":[{"embeddable":true,"href":"https:\/\/2horizontes.com\/index.php?rest_route=\/wp\/v2\/media\/67848"}],"wp:attachment":[{"href":"https:\/\/2horizontes.com\/index.php?rest_route=%2Fwp%2Fv2%2Fmedia&parent=67832"}],"wp:term":[{"taxonomy":"category","embeddable":true,"href":"https:\/\/2horizontes.com\/index.php?rest_route=%2Fwp%2Fv2%2Fcategories&post=67832"},{"taxonomy":"post_tag","embeddable":true,"href":"https:\/\/2horizontes.com\/index.php?rest_route=%2Fwp%2Fv2%2Ftags&post=67832"}],"curies":[{"name":"wp","href":"https:\/\/api.w.org\/{rel}","templated":true}]}}