{"id":67818,"date":"2018-11-12T19:26:42","date_gmt":"2018-11-12T18:26:42","guid":{"rendered":"http:\/\/2horizontes.com\/?p=67818"},"modified":"2018-11-12T19:26:42","modified_gmt":"2018-11-12T18:26:42","slug":"ministerio-de-defensa-ordena-investigar-secuestro-de-dominicanos-en-la-frontera-dominico-haitiana","status":"publish","type":"post","link":"https:\/\/2horizontes.com\/?p=67818","title":{"rendered":"Ministerio de Defensa ordena investigar secuestro de dominicanos en la frontera dominico-haitiana"},"content":{"rendered":"<p>El ministerio de Defensa orden\u00f3 una investigaci\u00f3n sobre el secuestro del doctor Pedro Ure\u00f1a, quien junto con un grupo de especialistas fue secuestrado en la carretera Internacional por una turba de haitianos.<\/p>\n<p>Rub\u00e9n Dar\u00edo Paulino Sem se\u00f1al\u00f3 que orden\u00f3 la investigaci\u00f3n al J2, la Direcci\u00f3n de Inteligencia del Estado Mayor y tambi\u00e9n se le encarg\u00f3 al G2 del Ej\u00e9rcito dominicano.<\/p>\n<p>El ministro inform\u00f3 que fue llamado el doctor Pedro Ure\u00f1a, reconocido cardi\u00f3logo dominicano, para que le contara su versi\u00f3n de los hechos a las autoridades a fin de determinar las circunstancias en que se produjo el secuestro y la reacci\u00f3n de los militares dominicanos apostados en el lugar.<\/p>\n<p>Dijo que tambi\u00e9n fueron llamados para fines de investigaci\u00f3n a los comandantes de la 3era. y 4ta. brigada del Ej\u00e9rcito, quienes tendr\u00e1n que rendir un informe detallado de la situaci\u00f3n.<\/p>\n<p>Esta ma\u00f1ana se conoci\u00f3 la denuncia del doctor Ure\u00f1a, quien realizaba turismo interno por el sur profundo del pa\u00eds, cuando decidieron pasar por la carretera Internacional donde fueron retenidos por espacio de 2 horas y 30 minutos.<\/p>\n<p>Los especialistas se salvaron porque fingieron ser estadounidenses y el grupo de haitianos les dej\u00f3 ir. Antes le hab\u00edan quitado sus tel\u00e9fonos celulares y las motocicletas en las que se desplazaban.<\/p>\n","protected":false},"excerpt":{"rendered":"<p>El ministerio de Defensa orden\u00f3 una investigaci\u00f3n sobre el secuestro del doctor Pedro Ure\u00f1a, quien junto con un grupo de especialistas fue secuestrado en la carretera Internacional por una turba de haitianos. Rub\u00e9n Dar\u00edo Paulino Sem se\u00f1al\u00f3 que orden\u00f3 la investigaci\u00f3n al J2, la Direcci\u00f3n de Inteligencia del Estado Mayor y tambi\u00e9n se le encarg\u00f3 [&hellip;]<\/p>\n","protected":false},"author":22776,"featured_media":67819,"comment_status":"open","ping_status":"open","sticky":false,"template":"","format":"standard","meta":{"footnotes":""},"categories":[47,44],"tags":[166,147,165],"class_list":["post-67818","post","type-post","status-publish","format-standard","has-post-thumbnail","hentry","category-haiti","category-republica-dominicana","tag-dominico-haitiana","tag-frontera","tag-secuestro"],"_links":{"self":[{"href":"https:\/\/2horizontes.com\/index.php?rest_route=\/wp\/v2\/posts\/67818","targetHints":{"allow":["GET"]}}],"collection":[{"href":"https:\/\/2horizontes.com\/index.php?rest_route=\/wp\/v2\/posts"}],"about":[{"href":"https:\/\/2horizontes.com\/index.php?rest_route=\/wp\/v2\/types\/post"}],"author":[{"embeddable":true,"href":"https:\/\/2horizontes.com\/index.php?rest_route=\/wp\/v2\/users\/22776"}],"replies":[{"embeddable":true,"href":"https:\/\/2horizontes.com\/index.php?rest_route=%2Fwp%2Fv2%2Fcomments&post=67818"}],"version-history":[{"count":1,"href":"https:\/\/2horizontes.com\/index.php?rest_route=\/wp\/v2\/posts\/67818\/revisions"}],"predecessor-version":[{"id":67820,"href":"https:\/\/2horizontes.com\/index.php?rest_route=\/wp\/v2\/posts\/67818\/revisions\/67820"}],"wp:featuredmedia":[{"embeddable":true,"href":"https:\/\/2horizontes.com\/index.php?rest_route=\/wp\/v2\/media\/67819"}],"wp:attachment":[{"href":"https:\/\/2horizontes.com\/index.php?rest_route=%2Fwp%2Fv2%2Fmedia&parent=67818"}],"wp:term":[{"taxonomy":"category","embeddable":true,"href":"https:\/\/2horizontes.com\/index.php?rest_route=%2Fwp%2Fv2%2Fcategories&post=67818"},{"taxonomy":"post_tag","embeddable":true,"href":"https:\/\/2horizontes.com\/index.php?rest_route=%2Fwp%2Fv2%2Ftags&post=67818"}],"curies":[{"name":"wp","href":"https:\/\/api.w.org\/{rel}","templated":true}]}}