{"id":67812,"date":"2018-11-11T16:10:40","date_gmt":"2018-11-11T15:10:40","guid":{"rendered":"http:\/\/2horizontes.com\/?p=67812"},"modified":"2018-11-11T16:14:46","modified_gmt":"2018-11-11T15:14:46","slug":"reclaman-a-ars-cubrir-costos-de-operacion-reconstructiva-de-senos-luego-de-una-mujer-haberse-realizado-una-mastectomia","status":"publish","type":"post","link":"https:\/\/2horizontes.com\/?p=67812","title":{"rendered":"Reclaman a ARS cubrir costos de operaci\u00f3n reconstructiva de senos, luego de una mujer haberse realizado una mastectom\u00eda"},"content":{"rendered":"<p>SANTO DOMINGO.-El diputado Jean Luis Rodr\u00edguez (PRM-El Seibo) someti\u00f3 ayer un proyecto de resoluci\u00f3n en la C\u00e1mara de Diputados donde solicita a las autoridades del Consejo Nacional de la Seguridad Social y al Superintendente de Salud incluir en el Cat\u00e1logo Detallado de los servicios del Plan B\u00e1sico de Salud, la\u00a0operaci\u00f3n reconstructiva\u00a0de\u00a0senos\u00a0y\u00a0pr\u00f3tesis mamarias\u00a0para mujeres sobrevivientes de c\u00e1ncer de mama que hayan sido sometidos a una mastectom\u00eda.<\/p>\n<div id=\"articleLink\" class=\"mrf-detailsContent\">\n<div id=\"articleLink5be5d41689a33e06b6df5e41\" class=\"mrf-detailsContent mrf-page template-01L mrf-madWidth-300 mrf-madHeight-250\" data-mrf-virtualpageid=\"\/reclaman-a-ars-cubrir-costos-de-operacion-reconstructiva-de-senos-luego-de-una-mujer-haberse-realizado-una-mastectomia\/\" data-mrf-headline=\"Reclaman a ARS cubrir costos de operaci\u00f3n reconstructiva de senos, luego de una mujer haberse realizado una mastectom\u00eda\" data-mrf-title=\"Reclaman a ARS cubrir costos de operaci\u00f3n reconstructiva de senos, luego de una mujer haberse realizado una mastectom\u00eda\" data-mrf-uri=\"http:\/\/eldia.com.do\/reclaman-a-ars-cubrir-costos-de-operacion-reconstructiva-de-senos-luego-de-una-mujer-haberse-realizado-una-mastectomia\/\" data-mrf-author=\"\" data-mrf-sectionid=\"articleLink\" data-mrf-madpagestyles=\"mrf-madWidth-300 mrf-madHeight-250\">\n<div class=\"mrf-detailsLayout mrf-detailsLayout-default\" data-mrf-adtype=\"sRoba\">\n<div class=\"mrf-detailsBodySentinel \">\n<div class=\"mrf-detailsBody \">\n<section id=\"single-article-section\" class=\"row-section\">\n<div class=\"container\">\n<div class=\"row\">\n<div class=\"wrapper containing-ad-section responsive-layout\">\n<section class=\"col-sm-9\">\n<article class=\"section-main-article\">\n<section id=\"single-article-content row\">\n<section id=\"single-article-main-content\">\n<div id=\"articleLink\" class=\"mrf-detailsContent\">\n<div id=\"articleLink5be5d41689a33e06b6df5e41\" class=\"mrf-detailsContent mrf-page template-01L mrf-madWidth-300 mrf-madHeight-250\" data-mrf-virtualpageid=\"\/reclaman-a-ars-cubrir-costos-de-operacion-reconstructiva-de-senos-luego-de-una-mujer-haberse-realizado-una-mastectomia\/\" data-mrf-headline=\"Reclaman a ARS cubrir costos de operaci\u00f3n reconstructiva de senos, luego de una mujer haberse realizado una mastectom\u00eda\" data-mrf-title=\"Reclaman a ARS cubrir costos de operaci\u00f3n reconstructiva de senos, luego de una mujer haberse realizado una mastectom\u00eda\" data-mrf-uri=\"http:\/\/eldia.com.do\/reclaman-a-ars-cubrir-costos-de-operacion-reconstructiva-de-senos-luego-de-una-mujer-haberse-realizado-una-mastectomia\/\" data-mrf-author=\"\" data-mrf-sectionid=\"articleLink\" data-mrf-madpagestyles=\"mrf-madWidth-300 mrf-madHeight-250\">\n<div class=\"mrf-detailsLayout mrf-detailsLayout-default\" data-mrf-adtype=\"sRoba\">\n<div class=\"mrf-detailsBodySentinel \">\n<div class=\"mrf-detailsBody \">\n<section id=\"single-article-section\" class=\"row-section\">\n<div class=\"container\">\n<div class=\"row\">\n<div class=\"wrapper containing-ad-section responsive-layout\">\n<section class=\"col-sm-9\">\n<article class=\"section-main-article\">\n<section id=\"single-article-content row\">\n<section id=\"single-article-main-content\">Rodr\u00edguez explic\u00f3 que, en la actualidad las ARS se niegan a cubrir la\u00a0operaci\u00f3n reconstructiva\u00a0de seno luego de que a una persona se le haya realizado una cirug\u00eda para c\u00e1ncer de mama, ignorando que tienen derecho a recibir un tratamiento completo.<\/section>\n<section>\n<div class=\"mrf-adv mad mrf-preInsertedMad sRoba adSemiInvisible mrf-madLoaded mrf-adv--all mrf-adv--0000 mrf-madWidth-300 mrf-madHeight-600\" data-layout=\"inline_square_deeplinking_s\" data-loadstrategy=\"onScroll\" data-madtype=\"sRoba\" data-navigationlevel=\"1\" data-refreshfrequency=\"0\" data-sectionid=\"portada\" data-virtualpageid=\"2\" data-mrf-ssptargeting=\"marfeeltypeshared\" data-mrf-madstyles=\"mrf-madWidth-300 mrf-madHeight-600\" data-madprocessed=\"true\" data-marfeelmad=\"\">\n<div id=\"mrf-8\" data-google-query-id=\"COOZt6zLzN4CFYrGwAodNyIIzQ\">\n<div><\/div>\n<div id=\"google_ads_iframe_\/22571134\/crispr\/eldia.com.do_1__container__\">Sostuvo que, al negarse la mastectom\u00eda esto provoca en los pacientes un impacto psicol\u00f3gico y f\u00edsico que puede producir efectos negativos como depresi\u00f3n, baja autoestima y alejamiento social.<\/div>\n<\/div>\n<\/div>\n<p>Expres\u00f3 que, el numeral uno del art\u00edculo 42 de la Constituci\u00f3n de la Rep\u00fablica, sobre el Derecho a la Integridad Personal, establece que \u201cNinguna persona puede ser sometida a penas, torturas o procedimientos vejatorios que impliquen la p\u00e9rdida o disminuci\u00f3n de su salud, o de su integridad f\u00edsica o ps\u00edquica\u201d.<\/p>\n<div class=\"mrf-adv mad mrf-preInsertedMad sRoba adSemiInvisible mrf-madLoaded mrf-madWidth-360 mrf-madHeight-250\" data-layout=\"inline_square_deeplinking_s\" data-loadstrategy=\"onScroll\" data-madtype=\"sRoba\" data-navigationlevel=\"1\" data-refreshfrequency=\"0\" data-sectionid=\"portada\" data-virtualpageid=\"3\" data-mrf-madstyles=\"mrf-madWidth-360 mrf-madHeight-250\" data-madprocessed=\"true\">\n<div id=\"mrf-1541948135588\" data-google-query-id=\"CI3wtrfMzN4CFQ_ZwAodBI4F-Q\">\n<div id=\"google_ads_iframe_\/1018679\/ElDia_Portada\/ElDia_Portada_300x250_2_1__container__\">Y precisamente el tercer \u00edtem del art\u00edculo tres de la Ley No. 87-01 se establece como uno de los principios rectores de la seguridad social, la integralidad: \u201cTodas las personas, sin distinci\u00f3n, tendr\u00e1n derecho a una protecci\u00f3n suficiente que les garantice el disfrute de la vida y el ejercicio adecuado de sus facultades y de su capacidad productiva\u201d.<\/div>\n<\/div>\n<\/div>\n<p>Argument\u00f3 que la necesidad de una\u00a0operaci\u00f3n reconstructiva\u00a0se origina en la mastectom\u00eda, que es una ablaci\u00f3n o mutilaci\u00f3n de un \u00f3rgano importante de la mujer paciente de c\u00e1ncer de seno, y es obligaci\u00f3n del Estado proteger y velar por la integridad f\u00edsica de estas mujeres que se hayan sometido a un procedimiento.<\/p>\n<\/section>\n<\/section>\n<\/article>\n<\/section>\n<\/div>\n<\/div>\n<\/div>\n<\/section>\n<\/div>\n<\/div>\n<\/div>\n<\/div>\n<\/div>\n<\/section>\n<\/section>\n<\/article>\n<\/section>\n<\/div>\n<\/div>\n<\/div>\n<\/section>\n<\/div>\n<\/div>\n<\/div>\n<\/div>\n<\/div>\n","protected":false},"excerpt":{"rendered":"<p>SANTO DOMINGO.-El diputado Jean Luis Rodr\u00edguez (PRM-El Seibo) someti\u00f3 ayer un proyecto de resoluci\u00f3n en la C\u00e1mara de Diputados donde solicita a las autoridades del Consejo Nacional de la Seguridad Social y al Superintendente de Salud incluir en el Cat\u00e1logo Detallado de los servicios del Plan B\u00e1sico de Salud, la\u00a0operaci\u00f3n reconstructiva\u00a0de\u00a0senos\u00a0y\u00a0pr\u00f3tesis mamarias\u00a0para mujeres sobrevivientes de [&hellip;]<\/p>\n","protected":false},"author":22776,"featured_media":67813,"comment_status":"open","ping_status":"open","sticky":false,"template":"","format":"standard","meta":{"footnotes":""},"categories":[43,44,45],"tags":[163,164,97],"class_list":["post-67812","post","type-post","status-publish","format-standard","has-post-thumbnail","hentry","category-politica","category-republica-dominicana","category-salud","tag-ars","tag-politica","tag-salud"],"_links":{"self":[{"href":"https:\/\/2horizontes.com\/index.php?rest_route=\/wp\/v2\/posts\/67812","targetHints":{"allow":["GET"]}}],"collection":[{"href":"https:\/\/2horizontes.com\/index.php?rest_route=\/wp\/v2\/posts"}],"about":[{"href":"https:\/\/2horizontes.com\/index.php?rest_route=\/wp\/v2\/types\/post"}],"author":[{"embeddable":true,"href":"https:\/\/2horizontes.com\/index.php?rest_route=\/wp\/v2\/users\/22776"}],"replies":[{"embeddable":true,"href":"https:\/\/2horizontes.com\/index.php?rest_route=%2Fwp%2Fv2%2Fcomments&post=67812"}],"version-history":[{"count":3,"href":"https:\/\/2horizontes.com\/index.php?rest_route=\/wp\/v2\/posts\/67812\/revisions"}],"predecessor-version":[{"id":67816,"href":"https:\/\/2horizontes.com\/index.php?rest_route=\/wp\/v2\/posts\/67812\/revisions\/67816"}],"wp:featuredmedia":[{"embeddable":true,"href":"https:\/\/2horizontes.com\/index.php?rest_route=\/wp\/v2\/media\/67813"}],"wp:attachment":[{"href":"https:\/\/2horizontes.com\/index.php?rest_route=%2Fwp%2Fv2%2Fmedia&parent=67812"}],"wp:term":[{"taxonomy":"category","embeddable":true,"href":"https:\/\/2horizontes.com\/index.php?rest_route=%2Fwp%2Fv2%2Fcategories&post=67812"},{"taxonomy":"post_tag","embeddable":true,"href":"https:\/\/2horizontes.com\/index.php?rest_route=%2Fwp%2Fv2%2Ftags&post=67812"}],"curies":[{"name":"wp","href":"https:\/\/api.w.org\/{rel}","templated":true}]}}