{"id":67794,"date":"2018-11-10T15:03:56","date_gmt":"2018-11-10T14:03:56","guid":{"rendered":"http:\/\/2horizontes.com\/?p=67794"},"modified":"2018-11-10T15:03:56","modified_gmt":"2018-11-10T14:03:56","slug":"camara-capto-momento-terrorista-se-inmola-en-el-metro-de-nueva-york","status":"publish","type":"post","link":"https:\/\/2horizontes.com\/?p=67794","title":{"rendered":"C\u00e1mara capt\u00f3 momento terrorista se inmola en el metro de Nueva York"},"content":{"rendered":"<div class=\"post_author\">\n<p>\u00a0<i class=\"fa fa-facebook\"><\/i>\u00a0<i class=\"fa fa-twitter \"><\/i>\u00a0<i class=\"fa fa-google-plus \"><\/i>\u00a0<i class=\"fa fa-whatsapp \"><\/i><\/p>\n<\/div>\n<div class=\"entry-content\">\n<p><iframe loading=\"lazy\" src=\"https:\/\/www.youtube.com\/embed\/UHbCv0MCvb0?feature=oembed\" width=\"500\" height=\"281\" frameborder=\"0\" allowfullscreen=\"allowfullscreen\" data-mce-fragment=\"1\"><\/iframe><\/p>\n<p>NUEVA YORK.- Camina tranquilamente entre la gente cuando de repente explota.<\/p>\n<p>Llevaba un\u00a0chaleco con una bomba de fabricaci\u00f3n casera\u00a0pero algo fall\u00f3 y no explot\u00f3 con tanta fuerza.<\/p>\n<p>fortunadamente nadie perdi\u00f3 la vida, ni siquiera el terrorista, aunque s\u00ed sufri\u00f3 quemaduras graves.<\/p>\n<p>Ocurri\u00f3 en diciembre del pasado a\u00f1o y ahora ha sido\u00a0declarado culpable por terrorismo.<\/p>\n<p>of-am<\/p>\n<\/div>\n","protected":false},"excerpt":{"rendered":"<p>\u00a0\u00a0\u00a0\u00a0 NUEVA YORK.- Camina tranquilamente entre la gente cuando de repente explota. Llevaba un\u00a0chaleco con una bomba de fabricaci\u00f3n casera\u00a0pero algo fall\u00f3 y no explot\u00f3 con tanta fuerza. fortunadamente nadie perdi\u00f3 la vida, ni siquiera el terrorista, aunque s\u00ed sufri\u00f3 quemaduras graves. Ocurri\u00f3 en diciembre del pasado a\u00f1o y ahora ha sido\u00a0declarado culpable por terrorismo. [&hellip;]<\/p>\n","protected":false},"author":1,"featured_media":67795,"comment_status":"open","ping_status":"open","sticky":false,"template":"","format":"video","meta":{"footnotes":""},"categories":[40],"tags":[],"class_list":["post-67794","post","type-post","status-publish","format-video","has-post-thumbnail","hentry","category-internacionales","post_format-post-format-video"],"_links":{"self":[{"href":"https:\/\/2horizontes.com\/index.php?rest_route=\/wp\/v2\/posts\/67794","targetHints":{"allow":["GET"]}}],"collection":[{"href":"https:\/\/2horizontes.com\/index.php?rest_route=\/wp\/v2\/posts"}],"about":[{"href":"https:\/\/2horizontes.com\/index.php?rest_route=\/wp\/v2\/types\/post"}],"author":[{"embeddable":true,"href":"https:\/\/2horizontes.com\/index.php?rest_route=\/wp\/v2\/users\/1"}],"replies":[{"embeddable":true,"href":"https:\/\/2horizontes.com\/index.php?rest_route=%2Fwp%2Fv2%2Fcomments&post=67794"}],"version-history":[{"count":1,"href":"https:\/\/2horizontes.com\/index.php?rest_route=\/wp\/v2\/posts\/67794\/revisions"}],"predecessor-version":[{"id":67796,"href":"https:\/\/2horizontes.com\/index.php?rest_route=\/wp\/v2\/posts\/67794\/revisions\/67796"}],"wp:featuredmedia":[{"embeddable":true,"href":"https:\/\/2horizontes.com\/index.php?rest_route=\/wp\/v2\/media\/67795"}],"wp:attachment":[{"href":"https:\/\/2horizontes.com\/index.php?rest_route=%2Fwp%2Fv2%2Fmedia&parent=67794"}],"wp:term":[{"taxonomy":"category","embeddable":true,"href":"https:\/\/2horizontes.com\/index.php?rest_route=%2Fwp%2Fv2%2Fcategories&post=67794"},{"taxonomy":"post_tag","embeddable":true,"href":"https:\/\/2horizontes.com\/index.php?rest_route=%2Fwp%2Fv2%2Ftags&post=67794"}],"curies":[{"name":"wp","href":"https:\/\/api.w.org\/{rel}","templated":true}]}}