{"id":67781,"date":"2018-11-10T14:46:45","date_gmt":"2018-11-10T13:46:45","guid":{"rendered":"http:\/\/2horizontes.com\/?p=67781"},"modified":"2018-11-10T14:46:45","modified_gmt":"2018-11-10T13:46:45","slug":"solicita-prision-preventiva-para-abogado-fiscalia-dajabon-violaria-a-menor","status":"publish","type":"post","link":"https:\/\/2horizontes.com\/?p=67781","title":{"rendered":"Solicita prisi\u00f3n preventiva para abogado fiscal\u00eda Dajab\u00f3n violar\u00eda a menor"},"content":{"rendered":"<div class=\"td-post-featured-image\">\n<figure><\/figure>\n<\/div>\n<p>El procurador Jean Alain Rodr\u00edguez dijo ayer que el Ministerio P\u00fablico solicitar\u00e1 un a\u00f1o de prisi\u00f3n preventiva contra un abogado exempelado de la Fiscal\u00eda de Dajab\u00f3n acusado de violar sexualmente un menor de edad.<\/p>\n<p>Rodr\u00edguez indic\u00f3 que en ese caso el Ministerio P\u00fablico cuenta con un una acusaci\u00f3n muy s\u00f3lida.<\/p>\n<p>\u201cTenemos un expediente bastante s\u00f3lido en el cual se comprueba que se ha violado la ley, y la ley es igual para todos, no importa quien sea que la haya violado\u201d, expres\u00f3.<\/p>\n<p>Asimismo, mediante un comunicado la Procuradur\u00eda General inform\u00f3 que el pasado a\u00f1o Gabriel Jacobo Morel S\u00e1nchez, alias Nino, habr\u00eda abusado sexualmente de un muchacho de 14 a\u00f1os de edad, en Dajab\u00f3n.<\/p>\n<p>La instituci\u00f3n afirm\u00f3 que desde hace varios meses hab\u00eda abierto una investigaci\u00f3n contra ese exempleado que ejerc\u00eda las funciones de abogado en la Fiscal\u00eda de dicha provincia, en el transcurso de la cual hab\u00eda sido destituido del cargo.<\/p>\n","protected":false},"excerpt":{"rendered":"<p>El procurador Jean Alain Rodr\u00edguez dijo ayer que el Ministerio P\u00fablico solicitar\u00e1 un a\u00f1o de prisi\u00f3n preventiva contra un abogado exempelado de la Fiscal\u00eda de Dajab\u00f3n acusado de violar sexualmente un menor de edad. Rodr\u00edguez indic\u00f3 que en ese caso el Ministerio P\u00fablico cuenta con un una acusaci\u00f3n muy s\u00f3lida. \u201cTenemos un expediente bastante s\u00f3lido [&hellip;]<\/p>\n","protected":false},"author":22776,"featured_media":67787,"comment_status":"open","ping_status":"open","sticky":false,"template":"","format":"standard","meta":{"footnotes":""},"categories":[53,44],"tags":[156,155],"class_list":["post-67781","post","type-post","status-publish","format-standard","has-post-thumbnail","hentry","category-provincias","category-republica-dominicana","tag-dajabon","tag-fiscal"],"_links":{"self":[{"href":"https:\/\/2horizontes.com\/index.php?rest_route=\/wp\/v2\/posts\/67781","targetHints":{"allow":["GET"]}}],"collection":[{"href":"https:\/\/2horizontes.com\/index.php?rest_route=\/wp\/v2\/posts"}],"about":[{"href":"https:\/\/2horizontes.com\/index.php?rest_route=\/wp\/v2\/types\/post"}],"author":[{"embeddable":true,"href":"https:\/\/2horizontes.com\/index.php?rest_route=\/wp\/v2\/users\/22776"}],"replies":[{"embeddable":true,"href":"https:\/\/2horizontes.com\/index.php?rest_route=%2Fwp%2Fv2%2Fcomments&post=67781"}],"version-history":[{"count":1,"href":"https:\/\/2horizontes.com\/index.php?rest_route=\/wp\/v2\/posts\/67781\/revisions"}],"predecessor-version":[{"id":67788,"href":"https:\/\/2horizontes.com\/index.php?rest_route=\/wp\/v2\/posts\/67781\/revisions\/67788"}],"wp:featuredmedia":[{"embeddable":true,"href":"https:\/\/2horizontes.com\/index.php?rest_route=\/wp\/v2\/media\/67787"}],"wp:attachment":[{"href":"https:\/\/2horizontes.com\/index.php?rest_route=%2Fwp%2Fv2%2Fmedia&parent=67781"}],"wp:term":[{"taxonomy":"category","embeddable":true,"href":"https:\/\/2horizontes.com\/index.php?rest_route=%2Fwp%2Fv2%2Fcategories&post=67781"},{"taxonomy":"post_tag","embeddable":true,"href":"https:\/\/2horizontes.com\/index.php?rest_route=%2Fwp%2Fv2%2Ftags&post=67781"}],"curies":[{"name":"wp","href":"https:\/\/api.w.org\/{rel}","templated":true}]}}