{"id":67764,"date":"2018-11-09T23:29:25","date_gmt":"2018-11-09T22:29:25","guid":{"rendered":"http:\/\/2horizontes.com\/?p=67764"},"modified":"2018-11-09T23:29:25","modified_gmt":"2018-11-09T22:29:25","slug":"europa-tendra-uno-de-los-inviernos-mas-frios-de-los-ultimos-100-anos","status":"publish","type":"post","link":"https:\/\/2horizontes.com\/?p=67764","title":{"rendered":"EUROPA TENDR\u00c1 UNO DE LOS INVIERNOS M\u00c1S FR\u00cdOS DE LOS \u00daLTIMOS 100 A\u00d1OS"},"content":{"rendered":"<p>El pr\u00f3ximo invierno en Europa ser\u00e1 uno de los m\u00e1s fr\u00edos de los \u00faltimos 100 a\u00f1os, as\u00ed que prepare las botas y la chaqueta de invierno!\u00a0Pero no se olvide de sacar del armario los guantes, gorro, bufanda y todos los accesorios para dejar calientes.<\/p>\n<p>Las previsiones meteorol\u00f3gicas indican que Europa tendr\u00e1 uno de los inviernos m\u00e1s fr\u00edos de los \u00faltimos 100 a\u00f1os.\u00a0Con masas de aire del \u00c1rtico y baja exposici\u00f3n solar dentro de algunos meses, el fr\u00edo intenso se producir\u00e1 en las pr\u00f3ximas semanas.<\/p>\n<p>En el siglo XXI, en el siglo XXI, se produjo una revoluci\u00f3n en el siglo XXI.<\/p>\n<p>La experta del adentro meteorol\u00f3gico Fobos \u2013 Elena Volosiouk \u2013 alerta que el sistema solar sufre tambi\u00e9n cambios estacionales.<\/p>\n<p>Elena Volosiouk (Centro meteorol\u00f3gico Fobos) aclar\u00f3 que el sistema solar, de vez en cuando sufre algunos cambios:<\/p>\n<p><em><strong>\u201cEste fen\u00f3meno est\u00e1 relacionado con el flujo de las masas de aire, cuando estas pasan por el Oc\u00e9ano Atl\u00e1ntico alcanzan el continente de una forma m\u00e1s moderada, el invierno es m\u00e1s blando y hay muchos deshechos, en los \u00faltimos inviernos eso no ha ocurrido.\u00a0Si bien recuerdan hasta que hemos tenido ciclones que causaron ca\u00edda de nieve y granizo en lugares donde eso ya no ocurr\u00eda desde hace varias d\u00e9cadas.\u00a0Es todav\u00eda prematuro asociar estas previsiones al enfriamiento global ya una posible \u201cmini era glaciar\u201d porque estos cambios en los flujos de masas de aire, por norma, est\u00e1n asociados a la actividad solar (erupciones solares).<\/strong><\/em><\/p>\n<p>Precauciones especiales a tomar (para quienes viven en zonas monta\u00f1osas, de dif\u00edcil acceso, ancianos, etc \u2026):<\/p>\n<p>En el caso de que se produzca un fallo en la distribuci\u00f3n el\u00e9ctrica, tenga una reserva de comida enlatada para al menos una semana).<\/p>\n<p>Tenga a mano abrigos, abrigos, mantas, ropa caliente.<\/p>\n<p>Tener una radio a pilas es esencial para saber las noticias si la corriente el\u00e9ctrica falla, y las carreteras quedan cortadas.<\/p>\n<p>Tenga cerca de usted una linterna tambi\u00e9n a pilas.<\/p>\n<p>\u00a1M\u00e1s vale prevenir que curar!<\/p>\n","protected":false},"excerpt":{"rendered":"<p>El pr\u00f3ximo invierno en Europa ser\u00e1 uno de los m\u00e1s fr\u00edos de los \u00faltimos 100 a\u00f1os, as\u00ed que prepare las botas y la chaqueta de invierno!\u00a0Pero no se olvide de sacar del armario los guantes, gorro, bufanda y todos los accesorios para dejar calientes. Las previsiones meteorol\u00f3gicas indican que Europa tendr\u00e1 uno de los inviernos [&hellip;]<\/p>\n","protected":false},"author":22776,"featured_media":67765,"comment_status":"open","ping_status":"open","sticky":false,"template":"","format":"standard","meta":{"footnotes":""},"categories":[86],"tags":[],"class_list":["post-67764","post","type-post","status-publish","format-standard","has-post-thumbnail","hentry","category-europa"],"_links":{"self":[{"href":"https:\/\/2horizontes.com\/index.php?rest_route=\/wp\/v2\/posts\/67764","targetHints":{"allow":["GET"]}}],"collection":[{"href":"https:\/\/2horizontes.com\/index.php?rest_route=\/wp\/v2\/posts"}],"about":[{"href":"https:\/\/2horizontes.com\/index.php?rest_route=\/wp\/v2\/types\/post"}],"author":[{"embeddable":true,"href":"https:\/\/2horizontes.com\/index.php?rest_route=\/wp\/v2\/users\/22776"}],"replies":[{"embeddable":true,"href":"https:\/\/2horizontes.com\/index.php?rest_route=%2Fwp%2Fv2%2Fcomments&post=67764"}],"version-history":[{"count":1,"href":"https:\/\/2horizontes.com\/index.php?rest_route=\/wp\/v2\/posts\/67764\/revisions"}],"predecessor-version":[{"id":67766,"href":"https:\/\/2horizontes.com\/index.php?rest_route=\/wp\/v2\/posts\/67764\/revisions\/67766"}],"wp:featuredmedia":[{"embeddable":true,"href":"https:\/\/2horizontes.com\/index.php?rest_route=\/wp\/v2\/media\/67765"}],"wp:attachment":[{"href":"https:\/\/2horizontes.com\/index.php?rest_route=%2Fwp%2Fv2%2Fmedia&parent=67764"}],"wp:term":[{"taxonomy":"category","embeddable":true,"href":"https:\/\/2horizontes.com\/index.php?rest_route=%2Fwp%2Fv2%2Fcategories&post=67764"},{"taxonomy":"post_tag","embeddable":true,"href":"https:\/\/2horizontes.com\/index.php?rest_route=%2Fwp%2Fv2%2Ftags&post=67764"}],"curies":[{"name":"wp","href":"https:\/\/api.w.org\/{rel}","templated":true}]}}