{"id":67714,"date":"2018-11-08T00:35:06","date_gmt":"2018-11-07T23:35:06","guid":{"rendered":"http:\/\/2horizontes.com\/?p=67714"},"modified":"2018-11-08T00:44:31","modified_gmt":"2018-11-07T23:44:31","slug":"cheddy-garcia-se-va-en-llanto-y-lagrimas-tras-escuchar-la-sentencia-del-caso-de-emely-peguero","status":"publish","type":"post","link":"https:\/\/2horizontes.com\/?p=67714","title":{"rendered":"Cheddy Garcia se va en llanto y l\u00e1grimas tras escuchar la sentencia del caso de Emely Peguero"},"content":{"rendered":"<div>Cheddy Garc\u00eda acaba de colgar un video en sus redes sociales donde se puede ver su reacci\u00f3n tras la sentencia de 5 a\u00f1os a Marlin Mart\u00ednez.<\/div>\n<div>En el v\u00eddeo donde se le puede ver manipulando un celular mientras conduce su autom\u00f3vil,\u00a0 ella empieza diciendo que tiene verguenza ajena y que no quiere hablar de violencia.<\/div>\n<div><\/div>\n<div><\/div>\n<div>\n<div>De igual modo explicaron que la expresi\u00f3n \u201cResuelve tu problema y resu\u00e9lvelo r\u00e1pido\u201d no constituye en modo alguno en una orden para que su hijo practicara, \u00e9l mismo, el aborto a la adolescente.<\/div>\n<div>El tribunal calific\u00f3 como un acto inmoral la actitud de la madre de Marlon y la conden\u00f3 por ocultamiento de cad\u00e1ver, cuya pena mayor es de dos a\u00f1os de prisi\u00f3n, y sustracci\u00f3n de la menor de edad, cuya pena m\u00e1xima es cinco a\u00f1os.<\/div>\n<div>La decisi\u00f3n del tribunal caus\u00f3 una reacci\u00f3n negativa inmediata en la poblaci\u00f3n de San Francisco de Macor\u00eds que amenaz\u00f3 con no descansar hasta que se le otorgue una pena mayor a Marlin Mart\u00ednez.<\/div>\n<\/div>\n","protected":false},"excerpt":{"rendered":"<p>Cheddy Garc\u00eda acaba de colgar un video en sus redes sociales donde se puede ver su reacci\u00f3n tras la sentencia de 5 a\u00f1os a Marlin Mart\u00ednez. En el v\u00eddeo donde se le puede ver manipulando un celular mientras conduce su autom\u00f3vil,\u00a0 ella empieza diciendo que tiene verguenza ajena y que no quiere hablar de violencia. [&hellip;]<\/p>\n","protected":false},"author":22776,"featured_media":67718,"comment_status":"open","ping_status":"open","sticky":false,"template":"","format":"standard","meta":{"footnotes":""},"categories":[44],"tags":[],"class_list":["post-67714","post","type-post","status-publish","format-standard","has-post-thumbnail","hentry","category-republica-dominicana"],"_links":{"self":[{"href":"https:\/\/2horizontes.com\/index.php?rest_route=\/wp\/v2\/posts\/67714","targetHints":{"allow":["GET"]}}],"collection":[{"href":"https:\/\/2horizontes.com\/index.php?rest_route=\/wp\/v2\/posts"}],"about":[{"href":"https:\/\/2horizontes.com\/index.php?rest_route=\/wp\/v2\/types\/post"}],"author":[{"embeddable":true,"href":"https:\/\/2horizontes.com\/index.php?rest_route=\/wp\/v2\/users\/22776"}],"replies":[{"embeddable":true,"href":"https:\/\/2horizontes.com\/index.php?rest_route=%2Fwp%2Fv2%2Fcomments&post=67714"}],"version-history":[{"count":2,"href":"https:\/\/2horizontes.com\/index.php?rest_route=\/wp\/v2\/posts\/67714\/revisions"}],"predecessor-version":[{"id":67717,"href":"https:\/\/2horizontes.com\/index.php?rest_route=\/wp\/v2\/posts\/67714\/revisions\/67717"}],"wp:featuredmedia":[{"embeddable":true,"href":"https:\/\/2horizontes.com\/index.php?rest_route=\/wp\/v2\/media\/67718"}],"wp:attachment":[{"href":"https:\/\/2horizontes.com\/index.php?rest_route=%2Fwp%2Fv2%2Fmedia&parent=67714"}],"wp:term":[{"taxonomy":"category","embeddable":true,"href":"https:\/\/2horizontes.com\/index.php?rest_route=%2Fwp%2Fv2%2Fcategories&post=67714"},{"taxonomy":"post_tag","embeddable":true,"href":"https:\/\/2horizontes.com\/index.php?rest_route=%2Fwp%2Fv2%2Ftags&post=67714"}],"curies":[{"name":"wp","href":"https:\/\/api.w.org\/{rel}","templated":true}]}}