{"id":67711,"date":"2018-11-08T00:04:40","date_gmt":"2018-11-07T23:04:40","guid":{"rendered":"http:\/\/2horizontes.com\/?p=67711"},"modified":"2018-11-08T00:04:40","modified_gmt":"2018-11-07T23:04:40","slug":"personalidades-reaccionan-indignados-tras-sentencia-a-marlin-martinez","status":"publish","type":"post","link":"https:\/\/2horizontes.com\/?p=67711","title":{"rendered":"Personalidades reaccionan indignados tras sentencia a Marlin Mart\u00ednez"},"content":{"rendered":"<div>Indignados y cuestionando a la justicia dominicana reaccionaron figuras p\u00fablicas de diversos \u00e1mbitos del pa\u00eds tras darse a conocer las sentencias a los implicados en la muerte de la adolescente de 16 a\u00f1os Emely Peguero.<\/div>\n<div><\/div>\n<div>Aunque la sentencia que emiti\u00f3 el Segundo Tribunal Colegiado de San Francisco de Macor\u00eds, que conden\u00f3 a la m\u00e1xima pena, 30 a\u00f1os de prisi\u00f3n, a Marlon Mart\u00ednez fue bien ponderada, la de su madre, Marlin, fue recibida como un balde de agua fr\u00eda, por considerar que el accionar de esta debi\u00f3 ser castigada con una pena mayor a los cinco a\u00f1os que le fue otorgado.<\/div>\n<div><\/div>\n<div>\n<div>Personalidades utilizaron sus redes sociales para expresar la inconformidad que sienten.<\/div>\n<div>\u201cCondenan a Marlin Mart\u00ednez a 5 a\u00f1os s\u00f3lo por sustracci\u00f3n de menor y participaci\u00f3n posterior en desaparici\u00f3n del cad\u00e1ver. Esto no es lo que esperaba la sociedad\u201d, cuestion\u00f3 la productora de televisi\u00f3n Mariasela \u00c1lvarez.<\/div>\n<div><\/div>\n<div>Su colega Nuria Piera tambi\u00e9n asegur\u00f3 que un hecho como este debi\u00f3 tener una sentencia m\u00e1s severa.<\/div>\n<div>\u201cMerec\u00eda m\u00e1s a\u00f1os por complicidad en el ocultamiento del hecho y llevarlo hasta un extremo inhumano\u201d, sentenci\u00f3.<\/div>\n<div><\/div>\n<div>Los jueces Mar\u00eda de los \u00c1ngeles Concepci\u00f3n, V\u00edctor Inoa y Carminia Caminero hallaron culpable a Marlon de homicidio voluntario, acto de barbarie y sustracci\u00f3n de menores.<\/div>\n<div><\/div>\n<div>En tanto que a Marlin Mart\u00ednez solo se le hall\u00f3 culpable de la sustracci\u00f3n de la menor cuando la sac\u00f3 de su casa, acudiendo al enga\u00f1o para llevarla a hacerle unos an\u00e1lisis para confirmar que estaba embarazada, as\u00ed como el de ocultamiento del cad\u00e1ver. Fue absuelta de la acusaci\u00f3n de complicidad debido a que, seg\u00fan los jueces del tribunal, existe complicidad si es desde antes de cometerse el crimen, no despu\u00e9s de que este haya ocurrido.<\/div>\n<div><a href=\"http:\/\/2horizontes.com\/wp-content\/uploads\/2018\/11\/e7219519-tlmd-emely-peguero-gofundme-696x392.jpg\"><img loading=\"lazy\" decoding=\"async\" class=\"alignnone size-medium wp-image-67702\" src=\"http:\/\/2horizontes.com\/wp-content\/uploads\/2018\/11\/e7219519-tlmd-emely-peguero-gofundme-696x392-300x169.jpg\" alt=\"\" width=\"300\" height=\"169\" srcset=\"https:\/\/2horizontes.com\/wp-content\/uploads\/2018\/11\/e7219519-tlmd-emely-peguero-gofundme-696x392-300x169.jpg 300w, https:\/\/2horizontes.com\/wp-content\/uploads\/2018\/11\/e7219519-tlmd-emely-peguero-gofundme-696x392-510x287.jpg 510w, https:\/\/2horizontes.com\/wp-content\/uploads\/2018\/11\/e7219519-tlmd-emely-peguero-gofundme-696x392.jpg 696w\" sizes=\"auto, (max-width: 300px) 100vw, 300px\" \/><\/a><\/div>\n<\/div>\n<p><!--more--><\/p>\n<div>\n<div class=\"entretitulo\">EL CASO<\/div>\n<div class=\"paragraph\">\n<div>La adolescente Emely Peguero desapareci\u00f3 el 23 de agosto del a\u00f1o 2017 y fue hallada muerta, dentro de una maleta, el d\u00eda 31 de agosto del mismo a\u00f1o, Marlon Mart\u00ednez fue se\u00f1alado como autor principal del asesinato y a Marlin Mart\u00ednez se le se\u00f1al\u00f3 como c\u00f3mplice en la muerte de la jovencita.<\/div>\n<div>Marl\u00edn Mart\u00ednez se declar\u00f3 inocente de las acusaciones de ser c\u00f3mplice en el asesinato de la adolescente Emely Peguero, de acuerdo con la acusaci\u00f3n hecha por el Ministerio P\u00fablico, mientras su hijo acept\u00f3 su culpabilidad.<\/div>\n<div><\/div>\n<div>Continuaremos con el caso&#8230;<\/div>\n<\/div>\n<\/div>\n","protected":false},"excerpt":{"rendered":"<p>Indignados y cuestionando a la justicia dominicana reaccionaron figuras p\u00fablicas de diversos \u00e1mbitos del pa\u00eds tras darse a conocer las sentencias a los implicados en la muerte de la adolescente de 16 a\u00f1os Emely Peguero. Aunque la sentencia que emiti\u00f3 el Segundo Tribunal Colegiado de San Francisco de Macor\u00eds, que conden\u00f3 a la m\u00e1xima pena, [&hellip;]<\/p>\n","protected":false},"author":22776,"featured_media":67712,"comment_status":"open","ping_status":"open","sticky":false,"template":"","format":"standard","meta":{"footnotes":""},"categories":[44],"tags":[148,149,106,101,103,102],"class_list":["post-67711","post","type-post","status-publish","format-standard","has-post-thumbnail","hentry","category-republica-dominicana","tag-148","tag-149","tag-asesinato","tag-emely","tag-marlin","tag-marlon"],"_links":{"self":[{"href":"https:\/\/2horizontes.com\/index.php?rest_route=\/wp\/v2\/posts\/67711","targetHints":{"allow":["GET"]}}],"collection":[{"href":"https:\/\/2horizontes.com\/index.php?rest_route=\/wp\/v2\/posts"}],"about":[{"href":"https:\/\/2horizontes.com\/index.php?rest_route=\/wp\/v2\/types\/post"}],"author":[{"embeddable":true,"href":"https:\/\/2horizontes.com\/index.php?rest_route=\/wp\/v2\/users\/22776"}],"replies":[{"embeddable":true,"href":"https:\/\/2horizontes.com\/index.php?rest_route=%2Fwp%2Fv2%2Fcomments&post=67711"}],"version-history":[{"count":1,"href":"https:\/\/2horizontes.com\/index.php?rest_route=\/wp\/v2\/posts\/67711\/revisions"}],"predecessor-version":[{"id":67713,"href":"https:\/\/2horizontes.com\/index.php?rest_route=\/wp\/v2\/posts\/67711\/revisions\/67713"}],"wp:featuredmedia":[{"embeddable":true,"href":"https:\/\/2horizontes.com\/index.php?rest_route=\/wp\/v2\/media\/67712"}],"wp:attachment":[{"href":"https:\/\/2horizontes.com\/index.php?rest_route=%2Fwp%2Fv2%2Fmedia&parent=67711"}],"wp:term":[{"taxonomy":"category","embeddable":true,"href":"https:\/\/2horizontes.com\/index.php?rest_route=%2Fwp%2Fv2%2Fcategories&post=67711"},{"taxonomy":"post_tag","embeddable":true,"href":"https:\/\/2horizontes.com\/index.php?rest_route=%2Fwp%2Fv2%2Ftags&post=67711"}],"curies":[{"name":"wp","href":"https:\/\/api.w.org\/{rel}","templated":true}]}}