{"id":67655,"date":"2018-11-04T16:11:17","date_gmt":"2018-11-04T15:11:17","guid":{"rendered":"http:\/\/2horizontes.com\/?p=67655"},"modified":"2018-11-04T16:11:17","modified_gmt":"2018-11-04T15:11:17","slug":"murio-el-merenguero-rasputin-quien-tuvo-un-gran-exito-en-los-80s","status":"publish","type":"post","link":"https:\/\/2horizontes.com\/?p=67655","title":{"rendered":"Muri\u00f3 el merenguero Rasput\u00edn quien tuvo un gran \u00e9xito en los 80s"},"content":{"rendered":"<p><strong>SANTO DOMINGO.-<\/strong> El director de orquesta, m\u00fasico y cantante, July Mateo, conocido como Rasput\u00edn,\u00a0falleci\u00f3 este s\u00e1bado, posiblemente a causa de un infarto card\u00edaco.<\/p>\n<p>Seg\u00fan informaciones obtenidas por allegados al artista, Rasput\u00edn, quien se dio a conocer con \u00e9xitos como Oye, Yo tambi\u00e9n, La mentira, El Carrito, Primavera y otros,\u00a0 fue encontrado sentado en una silla en su casa, con el tel\u00e9fono celular al lado, por lo que habr\u00eda muerto horas o un d\u00eda antes, ya que desde el viernes por la tarde nadie se comunic\u00f3 con \u00e9l.<\/p>\n<p>Sus restos ser\u00e1n velados en la funeraria Blandino de la Sabana Larga a partir de las 10:00 de la ma\u00f1ana de este domingo.<\/p>\n<p>Se recuerda que en 2011, Rasputin sufri\u00f3 un derrame cerebral en momentos que iba camino a B\u00e1varo, a realizar un show de bolero en un resort. Ya se encontraba en la habitaci\u00f3n junto a su esposa, listo para subir al escenario.<\/p>\n<p>En junio de 2013, el artista tuvo un segundo episodio, esta vez en su residencia. El merenguero admite que ocurri\u00f3 por descuido suyo, pues al verse en buen estado de salud dej\u00f3 de tomar sus medicamentos.<\/p>\n<p>El primer aviso lo tuvo en el sepelio del padre de Alberto Bernab\u00e9 (Bebeto), quien era su amigo personal. All\u00ed le empez\u00f3 un sangrado por la nariz, del cual fue advertido por Pochy Familia y Frankie Arias, pues \u00e9l ni cuenta se dio de eso. Pochy lo llev\u00f3 a una cl\u00ednica.<\/p>\n<p>Luego, en otra ocasi\u00f3n ocurri\u00f3 que se qued\u00f3 en la nada. \u201cMi esposa me dijo: Raspu, qu\u00e9 te pasa. Te veo mirando de lado y yo le respond\u00ed que estaba bien, pero ella notaba que no era as\u00ed y es cuando decide llevarme al m\u00e9dico\u0094, dijo Rasput\u00edn al conversar v\u00eda telef\u00f3nica.<\/p>\n<p>Rasput\u00edn estuvo un d\u00eda en cuidados intensivos. Precis\u00f3 que no se dio cuenta de nada m\u00e1s, porque perdi\u00f3 el conocimiento y cuando despert\u00f3 ya estaba en dicho centro de salud, y dijo no saber c\u00f3mo lleg\u00f3 al hospital.<\/p>\n<p>Su historia<\/p>\n<p>Julio C\u00e9sar Mateo Bautista (July Mateo o Rasput\u00edn), naci\u00f3 el 23 de septiembre de 1955, en Hato Mayor, Rep\u00fablica Dominicana, hijo de Julio Mateo Jim\u00e9nez y Clemencia Hilda Bautista.<\/p>\n<p>Inicio sus estudios musicales a la edad antes de los 8 a\u00f1os, en la escuela profesor Kirilio Albuerme en su comunidad. Dos a\u00f1os despu\u00e9s pas\u00f3 a formar parte de la Banda de M\u00fasica Municipal del ayuntamiento de hato Mayor, con un salario de 10 pesos mensual.<\/p>\n<p>En 1971, a la edad de 16 a\u00f1os, se radic\u00f3 en Santo Domingo e ingres\u00f3 a la banda de m\u00fasica de la Marina de Guerra, donde continu\u00f3 estudiando, tomando clases con m\u00fasicos de la propia banda que estaban m\u00e1s avanzados.<\/p>\n<p>Estando en la banda de m\u00fasica de la marina, inici\u00f3 un recorrido nocturno por diferentes night club de la capital, ofreciendo sus servicios musicales en estos centros nocturnos, acompa\u00f1ados de m\u00fasicos de distintos grupos.<\/p>\n<p>En 1976 ya ten\u00eda experiencia en m\u00fasica popular y fue contratado para formar parte de Los Hijos del Rey, orquesta de la que fue fundador. De esta pas\u00f3 a las orquesta de Chech\u00e9 Abreu, An\u00edbal Bravo, Bonny Cepeda y m\u00e1s tarde se radic\u00f3 por varios a\u00f1os en Curazao y Costa Rica, donde ten\u00eda su propia orquesta.<\/p>\n","protected":false},"excerpt":{"rendered":"<p>SANTO DOMINGO.- El director de orquesta, m\u00fasico y cantante, July Mateo, conocido como Rasput\u00edn,\u00a0falleci\u00f3 este s\u00e1bado, posiblemente a causa de un infarto card\u00edaco. Seg\u00fan informaciones obtenidas por allegados al artista, Rasput\u00edn, quien se dio a conocer con \u00e9xitos como Oye, Yo tambi\u00e9n, La mentira, El Carrito, Primavera y otros,\u00a0 fue encontrado sentado en una silla [&hellip;]<\/p>\n","protected":false},"author":22776,"featured_media":67657,"comment_status":"open","ping_status":"open","sticky":false,"template":"","format":"standard","meta":{"footnotes":""},"categories":[1,44],"tags":[133,132,134],"class_list":["post-67655","post","type-post","status-publish","format-standard","has-post-thumbnail","hentry","category-entretenimiento","category-republica-dominicana","tag-merengue","tag-musica","tag-rasputin"],"_links":{"self":[{"href":"https:\/\/2horizontes.com\/index.php?rest_route=\/wp\/v2\/posts\/67655","targetHints":{"allow":["GET"]}}],"collection":[{"href":"https:\/\/2horizontes.com\/index.php?rest_route=\/wp\/v2\/posts"}],"about":[{"href":"https:\/\/2horizontes.com\/index.php?rest_route=\/wp\/v2\/types\/post"}],"author":[{"embeddable":true,"href":"https:\/\/2horizontes.com\/index.php?rest_route=\/wp\/v2\/users\/22776"}],"replies":[{"embeddable":true,"href":"https:\/\/2horizontes.com\/index.php?rest_route=%2Fwp%2Fv2%2Fcomments&post=67655"}],"version-history":[{"count":1,"href":"https:\/\/2horizontes.com\/index.php?rest_route=\/wp\/v2\/posts\/67655\/revisions"}],"predecessor-version":[{"id":67658,"href":"https:\/\/2horizontes.com\/index.php?rest_route=\/wp\/v2\/posts\/67655\/revisions\/67658"}],"wp:featuredmedia":[{"embeddable":true,"href":"https:\/\/2horizontes.com\/index.php?rest_route=\/wp\/v2\/media\/67657"}],"wp:attachment":[{"href":"https:\/\/2horizontes.com\/index.php?rest_route=%2Fwp%2Fv2%2Fmedia&parent=67655"}],"wp:term":[{"taxonomy":"category","embeddable":true,"href":"https:\/\/2horizontes.com\/index.php?rest_route=%2Fwp%2Fv2%2Fcategories&post=67655"},{"taxonomy":"post_tag","embeddable":true,"href":"https:\/\/2horizontes.com\/index.php?rest_route=%2Fwp%2Fv2%2Ftags&post=67655"}],"curies":[{"name":"wp","href":"https:\/\/api.w.org\/{rel}","templated":true}]}}