{"id":67640,"date":"2018-11-03T17:14:19","date_gmt":"2018-11-03T16:14:19","guid":{"rendered":"http:\/\/2horizontes.com\/?p=67640"},"modified":"2018-11-03T17:14:19","modified_gmt":"2018-11-03T16:14:19","slug":"nueva-york-nueva-york-dominicano-muere-en-choque-en-esquina-alto-manhattan","status":"publish","type":"post","link":"https:\/\/2horizontes.com\/?p=67640","title":{"rendered":"NUEVA YORK NUEVA YORK: Dominicano muere en choque en esquina Alto Manhattan"},"content":{"rendered":"<p>NUEVA YORK.- Un dominicano muri\u00f3 durante una colisi\u00f3n entre una motocicleta en la que \u00e9l se desplazaba y un taxi \u201cpirata\u201d, confirm\u00f3 la Polic\u00eda.<\/p>\n<p>La v\u00edctima es Manuel Hern\u00e1ndez, de 40 a\u00f1os de edad, quien choc\u00f3 con un autom\u00f3vil Lincoln Town Car conducido por Ayman Zarik, de 53 a\u00f1os,\u00a0 oriundo de Pakist\u00e1n, quien fue detenido por la Polic\u00eda.<\/p>\n<p>Hern\u00e1ndez laboraba como chofer de un cami\u00f3n en una empresa de productos el\u00e9ctricos de Nueva Jersey.<\/p>\n<p>Testigos dijeron que el choque se produjo a las 9:15 de la noche del mi\u00e9rcoles cuando el taxista pirata supuestamente viol\u00f3 la luz roja del sem\u00e1foro de \u00a0la esquina de la calle 178 Oeste y avenida Fort Washington.<\/p>\n<p>El dominicano qued\u00f3 fue conducido en estado grave al hospital Harlem, ubicado en la esquina de la calle 135 y avenida Lenox, donde luego falleci\u00f3<\/p>\n<p>Familiares de Hern\u00e1ndez dijeron que Hern\u00e1ndez regresaba a su casa despu\u00e9s de visitar a una hija en Queens. Resid\u00eda en un \u00a0edificio de la calle 179 Oeste.<\/p>\n","protected":false},"excerpt":{"rendered":"<p>NUEVA YORK.- Un dominicano muri\u00f3 durante una colisi\u00f3n entre una motocicleta en la que \u00e9l se desplazaba y un taxi \u201cpirata\u201d, confirm\u00f3 la Polic\u00eda. La v\u00edctima es Manuel Hern\u00e1ndez, de 40 a\u00f1os de edad, quien choc\u00f3 con un autom\u00f3vil Lincoln Town Car conducido por Ayman Zarik, de 53 a\u00f1os,\u00a0 oriundo de Pakist\u00e1n, quien fue detenido [&hellip;]<\/p>\n","protected":false},"author":1,"featured_media":67641,"comment_status":"open","ping_status":"open","sticky":false,"template":"","format":"standard","meta":{"footnotes":""},"categories":[40],"tags":[],"class_list":["post-67640","post","type-post","status-publish","format-standard","has-post-thumbnail","hentry","category-internacionales"],"_links":{"self":[{"href":"https:\/\/2horizontes.com\/index.php?rest_route=\/wp\/v2\/posts\/67640","targetHints":{"allow":["GET"]}}],"collection":[{"href":"https:\/\/2horizontes.com\/index.php?rest_route=\/wp\/v2\/posts"}],"about":[{"href":"https:\/\/2horizontes.com\/index.php?rest_route=\/wp\/v2\/types\/post"}],"author":[{"embeddable":true,"href":"https:\/\/2horizontes.com\/index.php?rest_route=\/wp\/v2\/users\/1"}],"replies":[{"embeddable":true,"href":"https:\/\/2horizontes.com\/index.php?rest_route=%2Fwp%2Fv2%2Fcomments&post=67640"}],"version-history":[{"count":1,"href":"https:\/\/2horizontes.com\/index.php?rest_route=\/wp\/v2\/posts\/67640\/revisions"}],"predecessor-version":[{"id":67642,"href":"https:\/\/2horizontes.com\/index.php?rest_route=\/wp\/v2\/posts\/67640\/revisions\/67642"}],"wp:featuredmedia":[{"embeddable":true,"href":"https:\/\/2horizontes.com\/index.php?rest_route=\/wp\/v2\/media\/67641"}],"wp:attachment":[{"href":"https:\/\/2horizontes.com\/index.php?rest_route=%2Fwp%2Fv2%2Fmedia&parent=67640"}],"wp:term":[{"taxonomy":"category","embeddable":true,"href":"https:\/\/2horizontes.com\/index.php?rest_route=%2Fwp%2Fv2%2Fcategories&post=67640"},{"taxonomy":"post_tag","embeddable":true,"href":"https:\/\/2horizontes.com\/index.php?rest_route=%2Fwp%2Fv2%2Ftags&post=67640"}],"curies":[{"name":"wp","href":"https:\/\/api.w.org\/{rel}","templated":true}]}}