{"id":67541,"date":"2018-10-29T23:28:15","date_gmt":"2018-10-29T22:28:15","guid":{"rendered":"http:\/\/2horizontes.com\/?p=67541"},"modified":"2018-10-29T23:28:15","modified_gmt":"2018-10-29T22:28:15","slug":"la-embajada-dominicana-en-suecia-celebra-i-muestra-de-cine-dominicano","status":"publish","type":"post","link":"https:\/\/2horizontes.com\/?p=67541","title":{"rendered":"La Embajada Dominicana en Suecia celebra I Muestra de Cine Dominicano"},"content":{"rendered":"<p><strong>Estocolmo, Suecia<\/strong>. La Rep\u00fablica Dominicana mostr\u00f3 por primera vez en Suecia el impulso de su industria cinematogr\u00e1fica, con la celebraci\u00f3n de la I edici\u00f3n de la Muestra de Cine Dominicano en Estocolmo, en donde la embajada, conjuntamente con el apoyo de la Direcci\u00f3n General de Cine (DGCine), organiz\u00f3 un interesante programa durante tres d\u00edas.<\/p>\n<p>Del 19 al 21 de octubre de 2018 la embajada exhibi\u00f3 en el emblem\u00e1tico cine Zita una selecci\u00f3n de la producci\u00f3n cinematogr\u00e1fica dominicana, con la finalidad de promover al pa\u00eds como un destino f\u00edlmico de importancia en Am\u00e9rica Latina y el Caribe, haciendo hincapi\u00e9 en las competitivas ventajas del r\u00e9gimen normativo dominicano en el \u00a0\u00a0\u00e1mbito de la producci\u00f3n y realizaci\u00f3n cinematogr\u00e1ficas, gracias a la ley 108-10.<\/p>\n<p>La embajadora Laura Faxas agradeci\u00f3 el apoyo recibido de la comunidad dominicana radicada all\u00ed y en Noruega, de diplom\u00e1ticos, empresarios y p\u00fablico en general, quienes acudieron a la cita y pudieron disfrutar de producciones de diversas tem\u00e1ticas, de la autor\u00eda de j\u00f3venes cineastas que proyectan una nueva visi\u00f3n sobre el pa\u00eds y sus desaf\u00edos.<a href=\"http:\/\/2horizontes.com\/wp-content\/uploads\/2018\/10\/La-Embajadora-Laura-Faxas-junto-al-Se\u00f1or-Jose-Luis-Garcia-y-el-Se\u00f1or-Frank-Barias.jpg\"><img loading=\"lazy\" decoding=\"async\" class=\"size-medium wp-image-67544 alignleft\" src=\"http:\/\/2horizontes.com\/wp-content\/uploads\/2018\/10\/La-Embajadora-Laura-Faxas-junto-al-Se\u00f1or-Jose-Luis-Garcia-y-el-Se\u00f1or-Frank-Barias-300x231.jpg\" alt=\"\" width=\"300\" height=\"231\" srcset=\"https:\/\/2horizontes.com\/wp-content\/uploads\/2018\/10\/La-Embajadora-Laura-Faxas-junto-al-Se\u00f1or-Jose-Luis-Garcia-y-el-Se\u00f1or-Frank-Barias-300x231.jpg 300w, https:\/\/2horizontes.com\/wp-content\/uploads\/2018\/10\/La-Embajadora-Laura-Faxas-junto-al-Se\u00f1or-Jose-Luis-Garcia-y-el-Se\u00f1or-Frank-Barias-768x592.jpg 768w, https:\/\/2horizontes.com\/wp-content\/uploads\/2018\/10\/La-Embajadora-Laura-Faxas-junto-al-Se\u00f1or-Jose-Luis-Garcia-y-el-Se\u00f1or-Frank-Barias-510x393.jpg 510w\" sizes=\"auto, (max-width: 300px) 100vw, 300px\" \/><\/a><\/p>\n<p>Faxas expres\u00f3 que gracias a iniciativas como \u00e9sta que favorecen la internacionalizaci\u00f3n de la industria cinematogr\u00e1fica nacional, el pa\u00eds se abre al mundo para dar a conocer sus excelentes locaciones, un material humano competente y los excelentes beneficios directos del r\u00e9gimen fiscal para el fomento de la actividad cinematogr\u00e1fica, lo que ha permitido adem\u00e1s el desarrollo imparable de la producci\u00f3n local.<\/p>\n<p>La Muestra de Cine Dominicano en Suecia ha permitido que profesionales del s\u00e9ptimo arte conozcan todas las oportunidades que ofrece la Rep\u00fablica Dominicana en el \u00e1rea, y que cuenta, entre el 2011 y el 2017, con 124 producciones extranjeras filmadas en el pa\u00eds, 25 de las cuales se beneficiaron directamente de la Ley de Cine.<\/p>\n<p>Los filmes proyectados \u00a0fueron. los largometrajes: <em>Noel\u00ed en los pa\u00edses<\/em>, de Laura Amelia Guzm\u00e1n; Luis, de Archie L\u00f3pez; y <em>La Monta\u00f1a,<\/em> de Tabar\u00e9 Blanchard. Los cortometrajes presentados fueron: <em>Un acto de rebeli\u00f3n al d\u00eda, <\/em>de Isabella Bret\u00f3n; Rollout, de Andr\u00e9s Far\u00edas; y <em>El ave de Para\u00edso,<\/em> de Iv\u00e1n Herrera.<\/p>\n<p>La cineasta Laura Amelia Guzm\u00e1n se traslad\u00f3 a Estocolmo a fin de presentar su pel\u00edcula y particip\u00f3 en un cinef\u00f3rum con la Sra. M\u00f3nica Hern\u00e1ndez Rej\u00f3n, directora del Festival de Cine Latinoamericano Panor\u00e1mica, donde tuvo la oportunidad de intercambiar con el p\u00fablico.<\/p>\n<p>La muestra pretende convertirse en una iniciativa anual de la embajada dominicana que ha hecho de la cultura y del cine uno de sus ejes program\u00e1ticos principales.<\/p>\n<p>&nbsp;<\/p>\n<p>&nbsp;<\/p>\n","protected":false},"excerpt":{"rendered":"<p>Estocolmo, Suecia. La Rep\u00fablica Dominicana mostr\u00f3 por primera vez en Suecia el impulso de su industria cinematogr\u00e1fica, con la celebraci\u00f3n de la I edici\u00f3n de la Muestra de Cine Dominicano en Estocolmo, en donde la embajada, conjuntamente con el apoyo de la Direcci\u00f3n General de Cine (DGCine), organiz\u00f3 un interesante programa durante tres d\u00edas. Del [&hellip;]<\/p>\n","protected":false},"author":4,"featured_media":67542,"comment_status":"open","ping_status":"open","sticky":false,"template":"","format":"standard","meta":{"footnotes":""},"categories":[62,86,43,44],"tags":[],"class_list":["post-67541","post","type-post","status-publish","format-standard","has-post-thumbnail","hentry","category-cultura","category-europa","category-politica","category-republica-dominicana"],"_links":{"self":[{"href":"https:\/\/2horizontes.com\/index.php?rest_route=\/wp\/v2\/posts\/67541","targetHints":{"allow":["GET"]}}],"collection":[{"href":"https:\/\/2horizontes.com\/index.php?rest_route=\/wp\/v2\/posts"}],"about":[{"href":"https:\/\/2horizontes.com\/index.php?rest_route=\/wp\/v2\/types\/post"}],"author":[{"embeddable":true,"href":"https:\/\/2horizontes.com\/index.php?rest_route=\/wp\/v2\/users\/4"}],"replies":[{"embeddable":true,"href":"https:\/\/2horizontes.com\/index.php?rest_route=%2Fwp%2Fv2%2Fcomments&post=67541"}],"version-history":[{"count":1,"href":"https:\/\/2horizontes.com\/index.php?rest_route=\/wp\/v2\/posts\/67541\/revisions"}],"predecessor-version":[{"id":67545,"href":"https:\/\/2horizontes.com\/index.php?rest_route=\/wp\/v2\/posts\/67541\/revisions\/67545"}],"wp:featuredmedia":[{"embeddable":true,"href":"https:\/\/2horizontes.com\/index.php?rest_route=\/wp\/v2\/media\/67542"}],"wp:attachment":[{"href":"https:\/\/2horizontes.com\/index.php?rest_route=%2Fwp%2Fv2%2Fmedia&parent=67541"}],"wp:term":[{"taxonomy":"category","embeddable":true,"href":"https:\/\/2horizontes.com\/index.php?rest_route=%2Fwp%2Fv2%2Fcategories&post=67541"},{"taxonomy":"post_tag","embeddable":true,"href":"https:\/\/2horizontes.com\/index.php?rest_route=%2Fwp%2Fv2%2Ftags&post=67541"}],"curies":[{"name":"wp","href":"https:\/\/api.w.org\/{rel}","templated":true}]}}