{"id":6750,"date":"2015-05-13T08:53:20","date_gmt":"2015-05-13T07:53:20","guid":{"rendered":"http:\/\/2horizontes.com\/?p=6750"},"modified":"2015-05-13T08:53:20","modified_gmt":"2015-05-13T07:53:20","slug":"bogota-y-caracas-estudian-deportar","status":"publish","type":"post","link":"https:\/\/2horizontes.com\/?p=6750","title":{"rendered":"Bogot\u00e1 y Caracas estudian deportar"},"content":{"rendered":"<div id=\"ArticleAuthorDiv\" class=\"article-body-author\"><b>EFE<\/b><\/div>\n<div id=\"ArticleSourceDiv\" class=\"article-body-author\"><b>Bogot\u00e1<\/b><\/div>\n<div id=\"ArticleBody\">\n<p>La canciller de Colombia, Mar\u00eda \u00c1ngela Holgu\u00edn, anunci\u00f3 ayer que se reunir\u00e1 esta semana con autoridades venezolanas para crear una comisi\u00f3n binacional que se encargue de seguir los casos de los colombianos que son deportados del pa\u00eds vecino.<\/p>\n<p>\u201cEste mi\u00e9rcoles (en Bogot\u00e1) nos vamos a reunir con el defensor del Pueblo de Venezuela para abordar el tema despu\u00e9s de que ellos decidieran integrar una comisi\u00f3n binacional para hacerle frente a este tema\u201d, afirm\u00f3 la ministra en el Senado.<\/p>\n<p>Holgu\u00edn afirm\u00f3 que las deportaciones desde Venezuela han disminuido gracias a la cooperaci\u00f3n bilateral. \u201cEn marzo el pico fue de 1,187 (deportados), en abril fueron 656 y en mayo vamos en 184\u201d, dijo.<\/p>\n<\/div>\n","protected":false},"excerpt":{"rendered":"<p>EFE Bogot\u00e1 La canciller de Colombia, Mar\u00eda \u00c1ngela Holgu\u00edn, anunci\u00f3 ayer que se reunir\u00e1 esta semana con autoridades venezolanas para crear una comisi\u00f3n binacional que se encargue de seguir los casos de los colombianos que son deportados del pa\u00eds vecino. \u201cEste mi\u00e9rcoles (en Bogot\u00e1) nos vamos a reunir con el defensor del Pueblo de Venezuela [&hellip;]<\/p>\n","protected":false},"author":7,"featured_media":6751,"comment_status":"open","ping_status":"open","sticky":false,"template":"","format":"standard","meta":{"footnotes":""},"categories":[50,54,40,48],"tags":[],"class_list":["post-6750","post","type-post","status-publish","format-standard","has-post-thumbnail","hentry","category-colombia","category-emigrantes","category-internacionales","category-venezuela"],"_links":{"self":[{"href":"https:\/\/2horizontes.com\/index.php?rest_route=\/wp\/v2\/posts\/6750","targetHints":{"allow":["GET"]}}],"collection":[{"href":"https:\/\/2horizontes.com\/index.php?rest_route=\/wp\/v2\/posts"}],"about":[{"href":"https:\/\/2horizontes.com\/index.php?rest_route=\/wp\/v2\/types\/post"}],"author":[{"embeddable":true,"href":"https:\/\/2horizontes.com\/index.php?rest_route=\/wp\/v2\/users\/7"}],"replies":[{"embeddable":true,"href":"https:\/\/2horizontes.com\/index.php?rest_route=%2Fwp%2Fv2%2Fcomments&post=6750"}],"version-history":[{"count":1,"href":"https:\/\/2horizontes.com\/index.php?rest_route=\/wp\/v2\/posts\/6750\/revisions"}],"predecessor-version":[{"id":6752,"href":"https:\/\/2horizontes.com\/index.php?rest_route=\/wp\/v2\/posts\/6750\/revisions\/6752"}],"wp:featuredmedia":[{"embeddable":true,"href":"https:\/\/2horizontes.com\/index.php?rest_route=\/wp\/v2\/media\/6751"}],"wp:attachment":[{"href":"https:\/\/2horizontes.com\/index.php?rest_route=%2Fwp%2Fv2%2Fmedia&parent=6750"}],"wp:term":[{"taxonomy":"category","embeddable":true,"href":"https:\/\/2horizontes.com\/index.php?rest_route=%2Fwp%2Fv2%2Fcategories&post=6750"},{"taxonomy":"post_tag","embeddable":true,"href":"https:\/\/2horizontes.com\/index.php?rest_route=%2Fwp%2Fv2%2Ftags&post=6750"}],"curies":[{"name":"wp","href":"https:\/\/api.w.org\/{rel}","templated":true}]}}