{"id":67477,"date":"2018-10-24T19:41:26","date_gmt":"2018-10-24T18:41:26","guid":{"rendered":"http:\/\/2horizontes.com\/?p=67477"},"modified":"2018-10-25T00:02:40","modified_gmt":"2018-10-24T23:02:40","slug":"de-ultimo-minuto-por-asesinato-emely-fiscalia-solicita-30-anos-para-marlon-y-20-para-marlin-martinez","status":"publish","type":"post","link":"https:\/\/2horizontes.com\/?p=67477","title":{"rendered":"De \u00daltimo Minuto: Por Asesinato Emely Fiscal\u00eda solicita 30 a\u00f1os para Marlon y 20 para Marlin Martinez"},"content":{"rendered":"<div class=\"the-content\">\n<p>&nbsp;<\/p>\n<p>SAN FRANCISCO DE MACORIS, RD.- El ministerio p\u00fablico concluy\u00f3 este mediod\u00eda solicitando 30 a\u00f1os de prisi\u00f3n para Marlon Mart\u00ednez y 20 a\u00f1os de prisi\u00f3n para su madre, acusados el primero de actos de torturas y barbaries, sustracci\u00f3n de menores, asesinato y ocultaci\u00f3n de cad\u00e1ver, en la continuaci\u00f3n del juicio que se conoce por el asesinato de la adolescente Emely Peguero.<\/p>\n<p>Tras una amplia exposici\u00f3n de los hechos y de los medios de pruebas que sustentan la acusaci\u00f3n, la fiscal\u00eda previamente solicit\u00f3 a los jueces que integran el Segundo Tribunal Colegiado del Distrito Judicial de Duarte, declarar culpables a los se\u00f1ores Marlon y Marlin Mart\u00ednez, por violar los art\u00edculos 295, 296, 2987, 298, 302, 303,304, 354 y 355 del C\u00f3digo Penal, que incrimina los cr\u00edmenes antes mencionado.<\/p>\n<p>&nbsp;<\/p>\n<p>Adem\u00e1s solicit\u00f3 que sea mantenida la medida de coerci\u00f3n que pesa contra ambos,; que se ordene el decomiso de los objetos que obraron en la ejecuci\u00f3n de los cr\u00edmenes y que los imputados sean condenados al pago de las costas.<\/p>\n<p>Posteriormente har\u00e1n sus exposiciones los abogados de la parte querellante, que solicit\u00f3 un receso a la espera de que uno de sus compa\u00f1eros arribe al tribunal.<\/p>\n<p>En esa virtud el tribunal adopt\u00f3 la decisi\u00f3n de recesar hasta las 2 y 15 minutos de la tarde, en la cual se reanud\u00f3 la audiencia.<\/p>\n<\/div>\n<div><\/div>\n","protected":false},"excerpt":{"rendered":"<p>&nbsp; SAN FRANCISCO DE MACORIS, RD.- El ministerio p\u00fablico concluy\u00f3 este mediod\u00eda solicitando 30 a\u00f1os de prisi\u00f3n para Marlon Mart\u00ednez y 20 a\u00f1os de prisi\u00f3n para su madre, acusados el primero de actos de torturas y barbaries, sustracci\u00f3n de menores, asesinato y ocultaci\u00f3n de cad\u00e1ver, en la continuaci\u00f3n del juicio que se conoce por el [&hellip;]<\/p>\n","protected":false},"author":22776,"featured_media":67481,"comment_status":"open","ping_status":"open","sticky":false,"template":"","format":"standard","meta":{"footnotes":""},"categories":[44],"tags":[105,104,106,101,103,102],"class_list":["post-67477","post","type-post","status-publish","format-standard","has-post-thumbnail","hentry","category-republica-dominicana","tag-20-anos","tag-30-anos","tag-asesinato","tag-emely","tag-marlin","tag-marlon"],"_links":{"self":[{"href":"https:\/\/2horizontes.com\/index.php?rest_route=\/wp\/v2\/posts\/67477","targetHints":{"allow":["GET"]}}],"collection":[{"href":"https:\/\/2horizontes.com\/index.php?rest_route=\/wp\/v2\/posts"}],"about":[{"href":"https:\/\/2horizontes.com\/index.php?rest_route=\/wp\/v2\/types\/post"}],"author":[{"embeddable":true,"href":"https:\/\/2horizontes.com\/index.php?rest_route=\/wp\/v2\/users\/22776"}],"replies":[{"embeddable":true,"href":"https:\/\/2horizontes.com\/index.php?rest_route=%2Fwp%2Fv2%2Fcomments&post=67477"}],"version-history":[{"count":4,"href":"https:\/\/2horizontes.com\/index.php?rest_route=\/wp\/v2\/posts\/67477\/revisions"}],"predecessor-version":[{"id":67482,"href":"https:\/\/2horizontes.com\/index.php?rest_route=\/wp\/v2\/posts\/67477\/revisions\/67482"}],"wp:featuredmedia":[{"embeddable":true,"href":"https:\/\/2horizontes.com\/index.php?rest_route=\/wp\/v2\/media\/67481"}],"wp:attachment":[{"href":"https:\/\/2horizontes.com\/index.php?rest_route=%2Fwp%2Fv2%2Fmedia&parent=67477"}],"wp:term":[{"taxonomy":"category","embeddable":true,"href":"https:\/\/2horizontes.com\/index.php?rest_route=%2Fwp%2Fv2%2Fcategories&post=67477"},{"taxonomy":"post_tag","embeddable":true,"href":"https:\/\/2horizontes.com\/index.php?rest_route=%2Fwp%2Fv2%2Ftags&post=67477"}],"curies":[{"name":"wp","href":"https:\/\/api.w.org\/{rel}","templated":true}]}}