{"id":6747,"date":"2015-05-13T08:44:44","date_gmt":"2015-05-13T07:44:44","guid":{"rendered":"http:\/\/2horizontes.com\/?p=6747"},"modified":"2015-05-13T08:44:44","modified_gmt":"2015-05-13T07:44:44","slug":"hollande-reconoce-una-deuda-moral-de-francia-con-haiti","status":"publish","type":"post","link":"https:\/\/2horizontes.com\/?p=6747","title":{"rendered":"Hollande reconoce una deuda moral de Francia con Hait\u00ed"},"content":{"rendered":"<div id=\"ArticleAuthorDiv\" class=\"article-body-author\"><b>EFE<\/b><\/div>\n<div id=\"ArticleSourceDiv\" class=\"article-body-author\"><b>Puerto Pr\u00edncipe<\/b><\/div>\n<div id=\"ArticleBody\">\n<p>El presidente franc\u00e9s, Francois Hollande, reconoci\u00f3 ayer en Hait\u00ed la \u201cgran deuda moral\u201d que tiene Francia con ese pa\u00eds, un gesto que su hom\u00f3logo y anfitri\u00f3n, Michel Martelly, valor\u00f3 tanto como los 50 millones de euros que el Gobierno galo le entregar\u00e1 para financiar su proyecto educativo.<\/p>\n<p>En visita oficial en Puerto Pr\u00edncipe, como \u00faltima escala en su gira por el Caribe, el mandatario franc\u00e9s lanz\u00f3 un mensaje de \u201camistad y solidaridad\u201d, asegur\u00f3 que su presencia en el pa\u00eds \u201cobedece m\u00e1s a una promesa que a una obligaci\u00f3n\u201d y reconoci\u00f3 \u201cel pasado de dolor\u201d que comparten ambas naciones.<\/p>\n<p>Durante la rueda de prensa conjunta en el Palacio Presidencial, Hollande se\u00f1al\u00f3 que \u201cno podemos cambiar la historia, podemos cambiar el futuro\u201d, haciendo todo lo posible por ayudar al desarrollo de Hait\u00ed, como \u201cel s\u00edmbolo m\u00e1s hermoso que podemos ofrecer\u201d.<\/p>\n<p>El pasado domingo, Hollande anunci\u00f3 en Guadalupe (Antillas francesas), que Francia compensar\u00eda a Hait\u00ed por el pago que le exigi\u00f3 en 1.825 por su independencia, aunque el Gobierno franc\u00e9s precis\u00f3 que se tratar\u00eda de un pago moral de la deuda, no financiero.<\/p>\n<p>Ayer el presidente galo anunci\u00f3 que la Agencia Francesa de Desarrollo entregar\u00e1 50 millones de euros (unos 56 millones de d\u00f3lares) al pa\u00eds caribe\u00f1o para apoyar el programa de educaci\u00f3n gratuita y obligatoria iniciado por Martelly cuando lleg\u00f3 al poder, y que \u00e9l mismo defini\u00f3 como un \u201cPlan Marshall para la Educaci\u00f3n\u201d.<\/p>\n<p>Inicialmente las aportaciones francesas para el desarrollo del pa\u00eds caribe\u00f1o estar\u00e1n enfocadas a la educaci\u00f3n, aunque posteriormente se extender\u00e1n a otros \u00e1mbitos y seg\u00fan el presidente galo, Francia gastar\u00e1 130 millones de euros (unos 146 millones de d\u00f3lares) en los pr\u00f3ximos cinco a\u00f1os en diferentes proyectos.<\/p>\n<p>Por su parte, Martelly valor\u00f3 y agradeci\u00f3 las palabras de Hollande, y destac\u00f3 que nunca hab\u00eda o\u00eddo hablar as\u00ed a un presidente franc\u00e9s, reconociendo p\u00fablicamente el da\u00f1o causado y la necesidad de compensar a su pa\u00eds por ello.<\/p>\n<p>En respuesta a la intervenci\u00f3n del presidente franc\u00e9s, el mandatario haitiano se\u00f1al\u00f3 que su pa\u00eds \u201cno ha olvidado\u201d el pasado, pero \u201cno es rencoroso\u201d, y asegur\u00f3 que las inversiones en educaci\u00f3n y otros \u00e1mbitos son \u201cmucho m\u00e1s valiosas y necesarias\u201d para el pa\u00eds que cualquier cantidad de dinero.<\/p>\n<p>\u201cEn el pa\u00eds donde el 70 por ciento de la poblaci\u00f3n est\u00e1 desempleada, y donde el 85 por ciento de las escuelas eran privadas hasta que llegu\u00e9 al poder, la solidaridad de Francia permitir\u00e1 que pr\u00e1cticamente todos los haitianos tengan acceso a la educaci\u00f3n\u201d, y eso \u201cvale tanto como cualquier cifra que le pongamos a una deuda\u201d.<\/p>\n<p>Horas antes, Martelly invit\u00f3 a los franceses a que se unan en \u201cla reparaci\u00f3n de esta gran injusticia hecha a estos j\u00f3venes haitianos\u201d en un \u201creencuentro de dos pueblos tras un largo periodo de negaci\u00f3n e incomprensi\u00f3n caracterizada por los malos entendidos\u201d.<\/p>\n<\/div>\n","protected":false},"excerpt":{"rendered":"<p>EFE Puerto Pr\u00edncipe El presidente franc\u00e9s, Francois Hollande, reconoci\u00f3 ayer en Hait\u00ed la \u201cgran deuda moral\u201d que tiene Francia con ese pa\u00eds, un gesto que su hom\u00f3logo y anfitri\u00f3n, Michel Martelly, valor\u00f3 tanto como los 50 millones de euros que el Gobierno galo le entregar\u00e1 para financiar su proyecto educativo. En visita oficial en Puerto [&hellip;]<\/p>\n","protected":false},"author":7,"featured_media":6748,"comment_status":"open","ping_status":"open","sticky":false,"template":"","format":"standard","meta":{"footnotes":""},"categories":[47,40,43],"tags":[],"class_list":["post-6747","post","type-post","status-publish","format-standard","has-post-thumbnail","hentry","category-haiti","category-internacionales","category-politica"],"_links":{"self":[{"href":"https:\/\/2horizontes.com\/index.php?rest_route=\/wp\/v2\/posts\/6747","targetHints":{"allow":["GET"]}}],"collection":[{"href":"https:\/\/2horizontes.com\/index.php?rest_route=\/wp\/v2\/posts"}],"about":[{"href":"https:\/\/2horizontes.com\/index.php?rest_route=\/wp\/v2\/types\/post"}],"author":[{"embeddable":true,"href":"https:\/\/2horizontes.com\/index.php?rest_route=\/wp\/v2\/users\/7"}],"replies":[{"embeddable":true,"href":"https:\/\/2horizontes.com\/index.php?rest_route=%2Fwp%2Fv2%2Fcomments&post=6747"}],"version-history":[{"count":1,"href":"https:\/\/2horizontes.com\/index.php?rest_route=\/wp\/v2\/posts\/6747\/revisions"}],"predecessor-version":[{"id":6749,"href":"https:\/\/2horizontes.com\/index.php?rest_route=\/wp\/v2\/posts\/6747\/revisions\/6749"}],"wp:featuredmedia":[{"embeddable":true,"href":"https:\/\/2horizontes.com\/index.php?rest_route=\/wp\/v2\/media\/6748"}],"wp:attachment":[{"href":"https:\/\/2horizontes.com\/index.php?rest_route=%2Fwp%2Fv2%2Fmedia&parent=6747"}],"wp:term":[{"taxonomy":"category","embeddable":true,"href":"https:\/\/2horizontes.com\/index.php?rest_route=%2Fwp%2Fv2%2Fcategories&post=6747"},{"taxonomy":"post_tag","embeddable":true,"href":"https:\/\/2horizontes.com\/index.php?rest_route=%2Fwp%2Fv2%2Ftags&post=6747"}],"curies":[{"name":"wp","href":"https:\/\/api.w.org\/{rel}","templated":true}]}}