{"id":67454,"date":"2018-10-23T16:34:14","date_gmt":"2018-10-23T15:34:14","guid":{"rendered":"http:\/\/2horizontes.com\/?p=67454"},"modified":"2018-10-23T16:34:14","modified_gmt":"2018-10-23T15:34:14","slug":"tribunal-electoral-archiva-recurso-de-amparo-contra-reunion-cc-del-pld","status":"publish","type":"post","link":"https:\/\/2horizontes.com\/?p=67454","title":{"rendered":"Tribunal Electoral archiva recurso de amparo contra reuni\u00f3n CC del PLD"},"content":{"rendered":"<p>SANTO DOMINGO.- El Tribunal Superior Electoral (TSE) orden\u00f3 el archivo definitivo de un recurso de amparo que buscaba la suspensi\u00f3n de la reuni\u00f3n del Comit\u00e9 Central del PLD a celebrarse el pr\u00f3ximo s\u00e1bado 27 de octubre, luego de que la parte accionante solicitara su desestimiento.<\/p>\n<p>Los jueces dispusieron que se librara en acta el requerimiento elevado por Pr\u00f3spero David Ortiz y Ana Silvia Moronta, militantes del PLD, en contra la organizaci\u00f3n, su Comit\u00e9 Central y el Comit\u00e9 Pol\u00edtico, ante la convocatoria de la reuni\u00f3n.<\/p>\n<p>Lo hicieron en una audiencia, que se inici\u00f3 a las 3:55 de la tarde y culmin\u00f3 5 minutos m\u00e1s tarde, tras acogerse el desistimiento.<\/p>\n<p>En el proceso participaron como intervinientes voluntarios Pablo Berroa y Agust\u00edn Guerrero.<\/p>\n<p>Los accionantes estuvieron representados por el abogado Manuel Ferm\u00edn Cabral, mientras Galv\u00e1n y Severino representaron a las autoridades del PLD.<\/p>\n<p>La audiencia hab\u00eda sido aplazada el pasado viernes para dar paso a la comunicaci\u00f3n de documentos entre las partes.<\/p>\n","protected":false},"excerpt":{"rendered":"<p>SANTO DOMINGO.- El Tribunal Superior Electoral (TSE) orden\u00f3 el archivo definitivo de un recurso de amparo que buscaba la suspensi\u00f3n de la reuni\u00f3n del Comit\u00e9 Central del PLD a celebrarse el pr\u00f3ximo s\u00e1bado 27 de octubre, luego de que la parte accionante solicitara su desestimiento. Los jueces dispusieron que se librara en acta el requerimiento [&hellip;]<\/p>\n","protected":false},"author":1,"featured_media":67455,"comment_status":"open","ping_status":"open","sticky":false,"template":"","format":"standard","meta":{"footnotes":""},"categories":[43,44],"tags":[],"class_list":["post-67454","post","type-post","status-publish","format-standard","has-post-thumbnail","hentry","category-politica","category-republica-dominicana"],"_links":{"self":[{"href":"https:\/\/2horizontes.com\/index.php?rest_route=\/wp\/v2\/posts\/67454","targetHints":{"allow":["GET"]}}],"collection":[{"href":"https:\/\/2horizontes.com\/index.php?rest_route=\/wp\/v2\/posts"}],"about":[{"href":"https:\/\/2horizontes.com\/index.php?rest_route=\/wp\/v2\/types\/post"}],"author":[{"embeddable":true,"href":"https:\/\/2horizontes.com\/index.php?rest_route=\/wp\/v2\/users\/1"}],"replies":[{"embeddable":true,"href":"https:\/\/2horizontes.com\/index.php?rest_route=%2Fwp%2Fv2%2Fcomments&post=67454"}],"version-history":[{"count":1,"href":"https:\/\/2horizontes.com\/index.php?rest_route=\/wp\/v2\/posts\/67454\/revisions"}],"predecessor-version":[{"id":67456,"href":"https:\/\/2horizontes.com\/index.php?rest_route=\/wp\/v2\/posts\/67454\/revisions\/67456"}],"wp:featuredmedia":[{"embeddable":true,"href":"https:\/\/2horizontes.com\/index.php?rest_route=\/wp\/v2\/media\/67455"}],"wp:attachment":[{"href":"https:\/\/2horizontes.com\/index.php?rest_route=%2Fwp%2Fv2%2Fmedia&parent=67454"}],"wp:term":[{"taxonomy":"category","embeddable":true,"href":"https:\/\/2horizontes.com\/index.php?rest_route=%2Fwp%2Fv2%2Fcategories&post=67454"},{"taxonomy":"post_tag","embeddable":true,"href":"https:\/\/2horizontes.com\/index.php?rest_route=%2Fwp%2Fv2%2Ftags&post=67454"}],"curies":[{"name":"wp","href":"https:\/\/api.w.org\/{rel}","templated":true}]}}