{"id":6738,"date":"2015-05-12T10:48:44","date_gmt":"2015-05-12T09:48:44","guid":{"rendered":"http:\/\/2horizontes.com\/?p=6738"},"modified":"2015-05-12T10:48:44","modified_gmt":"2015-05-12T09:48:44","slug":"altas-temperaturas","status":"publish","type":"post","link":"https:\/\/2horizontes.com\/?p=6738","title":{"rendered":"Altas temperaturas"},"content":{"rendered":"<div class=\"columna_texto\">\n<div id=\"cuerpo_noticia\" class=\"cuerpo_noticia\">\n<p>No es solo que lo parezca, es que hace \u00abun calor de julio en mayo\u00bb, seg\u00fan confirma la portavoz de la Agencia Estatal de Meteorolog\u00eda (Aemet), Ana Casals, que explica que va a ir a m\u00e1s y va a durar \u00abpor lo menos una semana\u00bb. El culpable de estas temperaturas \u00abexcepcionalmente altas\u00bb para la primavera es \u00abuna masa de aire c\u00e1lido y seco de origen africano\u00bb que va a generar valores \u00abentre siete y 15 grados m\u00e1s altos de lo habitual en pr\u00e1cticamente toda la pen\u00ednsula Ib\u00e9rica\u00bb. As\u00ed, los term\u00f3metros marcan este lunes entre 30 y 36 grados en numerosos puntos de Espa\u00f1a.<\/p>\n<p>Con todo, y a pesar de lo que nos gusta la expresi\u00f3n, Casals advierte de que no se puede hablar de ola de calor meteorol\u00f3gicamente hablando, ya que har\u00edan falta tres d\u00edas de calor sostenido por encima de la media, que var\u00eda seg\u00fan la zona del pa\u00eds. Solo se dan estas condiciones en las Islas Canarias, donde \u00abhabr\u00e1 ola de calor entre el 11 y el 16 de mayo\u00bb. Eso s\u00ed, en todo el pa\u00eds \u00abhace much\u00edsimo calor para esta \u00e9poca del a\u00f1o\u00bb y \u00abse van a batir r\u00e9cords de temperatura porque hoy suben m\u00e1s, ma\u00f1ana un poquito m\u00e1s y el mi\u00e9rcoles, todav\u00eda m\u00e1s\u00bb.<\/p>\n<p>En Sevilla, por ejemplo, \u00abse van a achicharrar, ya que es muy posible que superen los 40 grados\u00bb. La cota m\u00e1s alta en la capital andaluza del periodo de referencia actual (que es de 30 a\u00f1os y va de 1981 a 2010) se alcanz\u00f3 el 12 de mayo de 1999 con 39,1, con lo que el mi\u00e9rcoles, si se cumplen los pron\u00f3sticos, ser\u00e1 el d\u00eda m\u00e1s caluroso de mayo en 30 a\u00f1os. Y no solo ocurrir\u00e1 en Sevilla, sino en muchas otras capitales como Madrid.<\/p>\n<p>La llegada de este verano adelantado se inici\u00f3 el s\u00e1bado, con temperaturas que escalaron a los 30\/32 grados en el sur peninsular, en la zona centro y en el valle del Ebro, mientras que el domingo estos valores se incrementaron en el valle del Guadalquivir y en el sur de Extremadura con m\u00e1ximas cercanas a los 35 grados.<\/p>\n<p>Este lunes contin\u00faa el ascenso con m\u00e1s de 30 grados en 30 capitales de provincia, al que se suman el norte y las Islas Baleares, donde es probable que las temperaturas m\u00e1ximas alcancen los 30 grados. El d\u00eda de m\u00e1s calor en la mayor parte del pa\u00eds ser\u00e1 el mi\u00e9rcoles \u2014salvo en la Comunidad Valenciana, que ser\u00e1 el jueves\u2014, en el que \u00abse pueden alcanzar los 42 grados en Sevilla y en los valles del Ebro, el Guadiana, el Guadalquivir y el Tajo\u00bb. \u00abDurante algunos d\u00edas en puntos del norte peninsular har\u00e1 mas calor que en la estaci\u00f3n estival\u00bb, avanza Casals.<\/p>\n<p>A partir del mi\u00e9rcoles, \u00abel anticicl\u00f3n dejar\u00e1 entrar una borrasca\u00bb por el noroeste, que traer\u00e1 una bajada generalizada de temperaturas y precipitaciones. En Galicia se notar\u00e1 la ca\u00edda a \u00faltima hora del mi\u00e9rcoles, mientras que el jueves \u00abbajar\u00e1n bastante\u00bb los term\u00f3metros en la mitad noroccidental y pr\u00e1cticamente en toda Espa\u00f1a salvo en el litoral mediterr\u00e1neo y Baleares.<\/p>\n<p>\u00abEl viernes ser\u00e1 el d\u00eda m\u00e1s fresco, pero a\u00fan as\u00ed habr\u00e1n subido tanto las temperaturas que, aunque bajen, seguir\u00e1n siendo altas\u00bb, alerta Casals, que precisa que, por ejemplo, se esperan 34 grados en Sevilla y Madrid el viernes. Donde m\u00e1s lo van a notar es en el norte, donde las temperaturas pueden bajar entre 10 y 12 grados, con lo que van a vivir un aut\u00e9ntico carrusel meteorol\u00f3gico con una variaci\u00f3n de hasta 20 grados, desde picos de m\u00e1s de 30 grados a apenas 18. Pero se tratar\u00e1 de un breve oasis de frescor, ya que el s\u00e1bado \u00abvuelven a subir las temperaturas y se van a mantener en valores por encima de los habituales toda la semana\u00bb.<\/p>\n<p>En cuanto a los avisos, este lunes solo hay una alerta amarilla (o riesgo, la m\u00e1s baja de las tres existentes) por calor en Gran Canaria, a los que se suman ma\u00f1ana martes el resto de las Canarias. Ya el mi\u00e9rcoles, habr\u00e1 22 provincias en alerta, que Casals prev\u00e9 que en algunas zonas se subir\u00e1 a naranja. Con el ascenso de las temperaturas aumenta el \u00edndice de radiaci\u00f3n ultravioleta y con ello el riesgo de quemaduras. Casals afirma que en C\u00e1diz, C\u00f3rdoba, Granada, Huelva, Ja\u00e9n y M\u00e1laga el \u00edndice llegara a 10, lo que indica que existe un riesgo muy alto de que la exposici\u00f3n al sol, sin protecci\u00f3n, resulte perjudicial para la salud.<\/p>\n<\/div>\n<\/div>\n<div class=\"modulo_compartir estirar\"><\/div>\n","protected":false},"excerpt":{"rendered":"<p>No es solo que lo parezca, es que hace \u00abun calor de julio en mayo\u00bb, seg\u00fan confirma la portavoz de la Agencia Estatal de Meteorolog\u00eda (Aemet), Ana Casals, que explica que va a ir a m\u00e1s y va a durar \u00abpor lo menos una semana\u00bb. El culpable de estas temperaturas \u00abexcepcionalmente altas\u00bb para la primavera [&hellip;]<\/p>\n","protected":false},"author":2,"featured_media":6739,"comment_status":"open","ping_status":"open","sticky":false,"template":"","format":"standard","meta":{"footnotes":""},"categories":[85],"tags":[],"class_list":["post-6738","post","type-post","status-publish","format-standard","has-post-thumbnail","hentry","category-espana"],"_links":{"self":[{"href":"https:\/\/2horizontes.com\/index.php?rest_route=\/wp\/v2\/posts\/6738","targetHints":{"allow":["GET"]}}],"collection":[{"href":"https:\/\/2horizontes.com\/index.php?rest_route=\/wp\/v2\/posts"}],"about":[{"href":"https:\/\/2horizontes.com\/index.php?rest_route=\/wp\/v2\/types\/post"}],"author":[{"embeddable":true,"href":"https:\/\/2horizontes.com\/index.php?rest_route=\/wp\/v2\/users\/2"}],"replies":[{"embeddable":true,"href":"https:\/\/2horizontes.com\/index.php?rest_route=%2Fwp%2Fv2%2Fcomments&post=6738"}],"version-history":[{"count":1,"href":"https:\/\/2horizontes.com\/index.php?rest_route=\/wp\/v2\/posts\/6738\/revisions"}],"predecessor-version":[{"id":6740,"href":"https:\/\/2horizontes.com\/index.php?rest_route=\/wp\/v2\/posts\/6738\/revisions\/6740"}],"wp:featuredmedia":[{"embeddable":true,"href":"https:\/\/2horizontes.com\/index.php?rest_route=\/wp\/v2\/media\/6739"}],"wp:attachment":[{"href":"https:\/\/2horizontes.com\/index.php?rest_route=%2Fwp%2Fv2%2Fmedia&parent=6738"}],"wp:term":[{"taxonomy":"category","embeddable":true,"href":"https:\/\/2horizontes.com\/index.php?rest_route=%2Fwp%2Fv2%2Fcategories&post=6738"},{"taxonomy":"post_tag","embeddable":true,"href":"https:\/\/2horizontes.com\/index.php?rest_route=%2Fwp%2Fv2%2Ftags&post=6738"}],"curies":[{"name":"wp","href":"https:\/\/api.w.org\/{rel}","templated":true}]}}