{"id":67366,"date":"2018-10-20T12:51:14","date_gmt":"2018-10-20T11:51:14","guid":{"rendered":"http:\/\/2horizontes.com\/?p=67366"},"modified":"2018-10-20T12:51:14","modified_gmt":"2018-10-20T11:51:14","slug":"juicio-caso-emely-peguero-entra-en-la-cuenta-regresiva","status":"publish","type":"post","link":"https:\/\/2horizontes.com\/?p=67366","title":{"rendered":"Juicio caso Emely Peguero entra en la cuenta regresiva"},"content":{"rendered":"<div class=\"text\">\n<p>SAN FRANCISCO DE MACOR\u00cdS. El juicio que se le sigue a Marlon y Marlin Mart\u00ednez por el asesinato de la adolescente Emely Peguero entr\u00f3 ayer en cuenta regresiva, luego de que se diera por concluida la fase de presentaci\u00f3n de pruebas y testigos.<\/p>\n<p>El cierre de esa etapa del proceso se produjo con el testimonio del fiscal Benedicto Reynoso, quien levant\u00f3 las actas de tres veh\u00edculos que fueron requisados e incautados en el transcurso de la investigaci\u00f3n por el crimen de la adolescente embarazada.<\/p>\n<p>En la audiencia de ayer tambi\u00e9n le mostraron varios veh\u00edculos al testigo Benedicto y este certific\u00f3 que fueron los mismos a los que le realiz\u00f3 la inspecci\u00f3n.<\/p>\n<p>Adem\u00e1s fue escuchado el testimonio de Jos\u00e9 Luis Mart\u00ednez, la persona que lav\u00f3 el veh\u00edculo en el que se presume transportaron el cuerpo de Emely Peguero. Este expres\u00f3 que el carro estaba h\u00famedo y ten\u00eda un hedor \u201ca podrido\u201d.<\/p>\n<p>Expres\u00f3 que Bol\u00edvar Ure\u00f1a fue quien llev\u00f3 el veh\u00edculo a lavar.<\/p>\n<p>Otra que testific\u00f3 fue Keila Margarita Santos, la administradora del edificio de apartamentos donde reside Marlin y Marlon. Relat\u00f3 que vio un video en el que una persona, que se presume es Marlon, sale de un apartamento arrastrando un saco y lo mont\u00f3 en el ba\u00fal de su veh\u00edculo.<\/p>\n<p>El padrastro de Marlon, Roberto Camilo, tambi\u00e9n fue presentado como testigo de la Fiscal\u00eda, sin embargo el mismo se abstuvo de declarar amparado en una facultad que le confiere la ley el art\u00edculo 196 del C\u00f3digo Procesal Penal.<\/p>\n<p>El fiscal de Jos\u00e9 Viterbo Cabral, tambi\u00e9n fue aportado como testigo, este trabaj\u00f3 en la investigaci\u00f3n desde que se report\u00f3 la investigaci\u00f3n de Emely, y dijo que en principio pensaban que se trataba de una sustracci\u00f3n de la menor.<\/p>\n<p>Emely Peguero desapareci\u00f3 el 23 de agosto del 2017 y su cuerpo encontrado en estado de descomposici\u00f3n el 31 de ese mismo mes.<\/p>\n<\/div>\n<div class=\"insert_headline\">\n<div class=\"insert_title\">Se acerca la decisi\u00f3n de los jueces<\/div>\n<div class=\"insert_Image\"><\/div>\n<div class=\"insert_text\">\n<p>En la pr\u00f3xima audiencia programada para el mi\u00e9rcoles 24 de la semana que viene se realizar\u00e1n los alegatos de clausura para luego dar paso a que los jueces emitan su decisi\u00f3n. Quedan fijadas dos audiencias m\u00e1s, una el 29 y la otra el 30, luego los jueces deber\u00e1n emitir su decisi\u00f3n.<\/p>\n<\/div>\n<\/div>\n","protected":false},"excerpt":{"rendered":"<p>SAN FRANCISCO DE MACOR\u00cdS. El juicio que se le sigue a Marlon y Marlin Mart\u00ednez por el asesinato de la adolescente Emely Peguero entr\u00f3 ayer en cuenta regresiva, luego de que se diera por concluida la fase de presentaci\u00f3n de pruebas y testigos. El cierre de esa etapa del proceso se produjo con el testimonio [&hellip;]<\/p>\n","protected":false},"author":4,"featured_media":67367,"comment_status":"open","ping_status":"open","sticky":false,"template":"","format":"standard","meta":{"footnotes":""},"categories":[53,44],"tags":[],"class_list":["post-67366","post","type-post","status-publish","format-standard","has-post-thumbnail","hentry","category-provincias","category-republica-dominicana"],"_links":{"self":[{"href":"https:\/\/2horizontes.com\/index.php?rest_route=\/wp\/v2\/posts\/67366","targetHints":{"allow":["GET"]}}],"collection":[{"href":"https:\/\/2horizontes.com\/index.php?rest_route=\/wp\/v2\/posts"}],"about":[{"href":"https:\/\/2horizontes.com\/index.php?rest_route=\/wp\/v2\/types\/post"}],"author":[{"embeddable":true,"href":"https:\/\/2horizontes.com\/index.php?rest_route=\/wp\/v2\/users\/4"}],"replies":[{"embeddable":true,"href":"https:\/\/2horizontes.com\/index.php?rest_route=%2Fwp%2Fv2%2Fcomments&post=67366"}],"version-history":[{"count":1,"href":"https:\/\/2horizontes.com\/index.php?rest_route=\/wp\/v2\/posts\/67366\/revisions"}],"predecessor-version":[{"id":67368,"href":"https:\/\/2horizontes.com\/index.php?rest_route=\/wp\/v2\/posts\/67366\/revisions\/67368"}],"wp:featuredmedia":[{"embeddable":true,"href":"https:\/\/2horizontes.com\/index.php?rest_route=\/wp\/v2\/media\/67367"}],"wp:attachment":[{"href":"https:\/\/2horizontes.com\/index.php?rest_route=%2Fwp%2Fv2%2Fmedia&parent=67366"}],"wp:term":[{"taxonomy":"category","embeddable":true,"href":"https:\/\/2horizontes.com\/index.php?rest_route=%2Fwp%2Fv2%2Fcategories&post=67366"},{"taxonomy":"post_tag","embeddable":true,"href":"https:\/\/2horizontes.com\/index.php?rest_route=%2Fwp%2Fv2%2Ftags&post=67366"}],"curies":[{"name":"wp","href":"https:\/\/api.w.org\/{rel}","templated":true}]}}