{"id":67245,"date":"2018-10-04T14:29:23","date_gmt":"2018-10-04T13:29:23","guid":{"rendered":"http:\/\/2horizontes.com\/?p=67245"},"modified":"2018-10-04T14:29:23","modified_gmt":"2018-10-04T13:29:23","slug":"macron-afronta-desgastado-la-peor-crisis-politica-de-su-mandato","status":"publish","type":"post","link":"https:\/\/2horizontes.com\/?p=67245","title":{"rendered":"Macron afronta desgastado la peor crisis pol\u00edtica de su mandato"},"content":{"rendered":"<h2 class=\"articulo-subtitulo\">G\u00e9rard Collomb, el primer dirigente destacado que apost\u00f3 por la candidatura del presidente, dimite del Ministerio del Interio<\/h2>\n<p>&nbsp;<\/p>\n<p>Es el peor golpe pol\u00edtico para Emmanuel Macron, y en el peor momento. Proviene, adem\u00e1s, de su c\u00edrculo de confianza.\u00a0La dimisi\u00f3n de G\u00e9rard Collomb, hasta este mi\u00e9rcoles ministro del Interior\u00a0y uno de los primeros pol\u00edticos de peso que crey\u00f3 en \u00e9l, coloca al presidente franc\u00e9s en una situaci\u00f3n comprometida. Le deja sin una pieza clave en la maquinaria gubernamental. Cuestiona su autoridad: el presidente quer\u00eda evitar la renuncia. Extiende la sensaci\u00f3n de que ya no controla a sus tropas. Y se suma a una serie a tropiezos que entierran el estado de gracia que acompa\u00f1\u00f3 a su ascenso al poder en 2017.<\/p>\n<div id=\"articulo_contenedor\" class=\"articulo__contenedor\">\n<figure class=\"foto centro foto_w980\"><figcaption class=\"foto-pie\"><span class=\"foto-texto\">El presidente franc\u00e9s, Emmanuel Macron, examina el interior de un veh\u00edculo, durante la feria del autom\u00f3vil, este mi\u00e9rcoles en Par\u00eds.<\/span>\u00a0<span class=\"foto-firma\"><span class=\"foto-autor\">REGIS DUVIGNAU<\/span>\u00a0<span class=\"foto-agencia\">AP<\/span><\/span><\/figcaption><\/figure>\n<div id=\"cuerpo_noticia\" class=\"articulo-cuerpo\">\n<p>La marcha de Collomb ha sido un vodevil, una comedia de enredos en los pasillos del El\u00edseo, de Matignon y de Beavau \u2014sedes de la Presidencia, el primer ministro y el Ministerio del Interior, respectivamente\u2014 como no se hab\u00eda visto durante el mandato de Macron. La confusi\u00f3n y la sensaci\u00f3n de descontrol por parte del presidente que parec\u00eda controlarlo todo son ins\u00f3litas. El episodio se produce tras meses de fuerte ca\u00edda de popularidad de Macron, seg\u00fan apuntan los sondeos.<\/p>\n<div id=\"elpais_gpt-INTEXT\" data-google-query-id=\"CJDJysrx7N0CFUaM7Qod2DUHgg\">\n<div id=\"google_ads_iframe_\/7811748\/elpais_web\/internacional\/intext_0__container__\"><iframe id=\"google_ads_iframe_\/7811748\/elpais_web\/internacional\/intext_0\" title=\"3rd party ad content\" name=\"google_ads_iframe_\/7811748\/elpais_web\/internacional\/intext_0\" width=\"1\" height=\"1\" frameborder=\"0\" marginwidth=\"0\" marginheight=\"0\" scrolling=\"no\" data-load-complete=\"true\" data-mce-fragment=\"1\"><\/iframe><\/div>\n<\/div>\n<p>La secuencia de Collomb empez\u00f3 hace 15 d\u00edas, cuando el entonces ministro anunci\u00f3 por sorpresa en una entrevista con el semanario\u00a0<em>L\u2019Express<\/em>\u00a0que quer\u00eda regresar a su antiguo trabajo como alcalde de Lyon. Por eso preve\u00eda abandonar el Gobierno franc\u00e9s tras las elecciones europeas del pr\u00f3ximo mayo. Esto le permitir\u00eda presentarse en las municipales de 2020.<\/p>\n<p>La dimisi\u00f3n por anticipado cre\u00f3 malestar en el Gobierno y cr\u00edticas de la oposici\u00f3n, que consideraba que los pr\u00f3ximos meses Collomb ser\u00eda lo que en pa\u00edses como Estados Unidos se llama un pato cojo, un pol\u00edtico sin capacidad de influencia ni maniobra. As\u00ed que el lunes por la noche, Collomb present\u00f3 su dimisi\u00f3n, esta vez con car\u00e1cter inmediato. Macron se la rechaz\u00f3. El vaiv\u00e9n no hab\u00eda terminado. El martes, en una entrevista con\u00a0<em>Le Figaro<\/em>, Collomb reiter\u00f3 su \u201cpropuesta\u201d de dimisi\u00f3n. Esta vez no esper\u00f3 la respuesta. Mientras la noticia circulaba por Par\u00eds, el ministro preparaba el relevo con el actual alcalde de Lyon, Georges K\u00e9p\u00e9n\u00e9kian, y anunciaba en el diario local\u00a0<em>Le Progr\u00e8s<\/em>\u00a0que regresaba enseguida, sin dar tiempo a Macron y al primer ministro, \u00c9douard Philippe, a buscar un sustituto. De madrugada, finalmente, el El\u00edseo comunic\u00f3 que aceptaba la renuncia. Y en la ma\u00f1ana de este mi\u00e9rcoles, en una fr\u00eda ceremonia, Collomb traspas\u00f3 los poderes al jefe del Gobierno, \u00c9douard Philippe, que asumir\u00e1 el cargo de forma interina.<\/p>\n<p>La marcha no deseada de un ministro del Interior \u2014el \u201cprimer poli de Francia\u201d, como se denomina el cargo desde los tiempos en que lo ocupaba el\u00a0<em>Tigre<\/em>Georges Clemenceau\u2014 ya ser\u00eda un golpe para cualquier presidente. Si a este ministro se le considera uno de los pilares del Gobierno y es uno de los consejeros \u00edntimos, un amigo de Macron y su familia, la cosa se agrava. Y si, adem\u00e1s, la espantada se escenifica de esta manera rocambolesca, todo se complica.<\/p>\n<h3>La marea deja de subir<\/h3>\n<p>La dimisi\u00f3n conlleva un mensaje: se acab\u00f3 el tiempo en el que el proyecto de Macron sumaba adhesi\u00f3n tras adhesi\u00f3n, en el que todo Par\u00eds quer\u00eda participar en el proyecto reformista del nuevo presidente. La marea ha dejado de subir; ahora baja, para usar una met\u00e1fora de J\u00e9r\u00f4me Fourquet, del instituto demosc\u00f3pico Ifop. \u201cHasta hace poco [Macron] no paraba de sumar apoyos. Ahora empieza a perderlos\u201d, dec\u00eda Fourquet a un grupo de periodistas hace unos d\u00edas, antes de la dimisi\u00f3n de Collomb.\u00a0Hoy ilusiona m\u00e1s ser alcalde que participar en la\u00a0<em>revoluci\u00f3n Macron<\/em>.<\/p>\n<p>Collomb no es el primer desertor en el macronismo. A finales de agosto, el presidente perdi\u00f3 al ministro de Transici\u00f3n Ecol\u00f3gica, Nicolas Hulot, el miembro m\u00e1s popular del Gobierno, expresentador de televisi\u00f3n y activista por el medio ambiente que en Francia es una especie de conciencia ecol\u00f3gica de la naci\u00f3n. Hulot tambi\u00e9n se march\u00f3 de manera at\u00edpica: lo anunci\u00f3 en un programa de radio, y sin avisar a su jefe.<\/p>\n<p>Antes, el presidente sufri\u00f3 otro contratiempo con las revelaciones sobre su exjefe de seguridad, Alexandre Benalla, que fue grabado el 1 de mayo agrediendo a manifestantes. El crecimiento econ\u00f3mico m\u00e1s lento de lo esperado, adem\u00e1s de la ca\u00edda de la popularidad, ha acabado de enturbiar el horizonte para un presidente que, sin cometer errores de bulto, ha perdido el aura con la que lleg\u00f3 al poder hace 16 meses. Sus principales activos entonces \u2014un nuevo estilo presidencial que combina autoridad y modernidad, la competencia en pol\u00edtica econ\u00f3mica y la capacidad de sumar talentos pol\u00edticos\u2014 est\u00e1n hoy en cuesti\u00f3n.<\/p>\n<\/div>\n<\/div>\n","protected":false},"excerpt":{"rendered":"<p>G\u00e9rard Collomb, el primer dirigente destacado que apost\u00f3 por la candidatura del presidente, dimite del Ministerio del Interio &nbsp; Es el peor golpe pol\u00edtico para Emmanuel Macron, y en el peor momento. Proviene, adem\u00e1s, de su c\u00edrculo de confianza.\u00a0La dimisi\u00f3n de G\u00e9rard Collomb, hasta este mi\u00e9rcoles ministro del Interior\u00a0y uno de los primeros pol\u00edticos de [&hellip;]<\/p>\n","protected":false},"author":4,"featured_media":67246,"comment_status":"open","ping_status":"open","sticky":false,"template":"","format":"standard","meta":{"footnotes":""},"categories":[63,86,43],"tags":[],"class_list":["post-67245","post","type-post","status-publish","format-standard","has-post-thumbnail","hentry","category-economia","category-europa","category-politica"],"_links":{"self":[{"href":"https:\/\/2horizontes.com\/index.php?rest_route=\/wp\/v2\/posts\/67245","targetHints":{"allow":["GET"]}}],"collection":[{"href":"https:\/\/2horizontes.com\/index.php?rest_route=\/wp\/v2\/posts"}],"about":[{"href":"https:\/\/2horizontes.com\/index.php?rest_route=\/wp\/v2\/types\/post"}],"author":[{"embeddable":true,"href":"https:\/\/2horizontes.com\/index.php?rest_route=\/wp\/v2\/users\/4"}],"replies":[{"embeddable":true,"href":"https:\/\/2horizontes.com\/index.php?rest_route=%2Fwp%2Fv2%2Fcomments&post=67245"}],"version-history":[{"count":1,"href":"https:\/\/2horizontes.com\/index.php?rest_route=\/wp\/v2\/posts\/67245\/revisions"}],"predecessor-version":[{"id":67247,"href":"https:\/\/2horizontes.com\/index.php?rest_route=\/wp\/v2\/posts\/67245\/revisions\/67247"}],"wp:featuredmedia":[{"embeddable":true,"href":"https:\/\/2horizontes.com\/index.php?rest_route=\/wp\/v2\/media\/67246"}],"wp:attachment":[{"href":"https:\/\/2horizontes.com\/index.php?rest_route=%2Fwp%2Fv2%2Fmedia&parent=67245"}],"wp:term":[{"taxonomy":"category","embeddable":true,"href":"https:\/\/2horizontes.com\/index.php?rest_route=%2Fwp%2Fv2%2Fcategories&post=67245"},{"taxonomy":"post_tag","embeddable":true,"href":"https:\/\/2horizontes.com\/index.php?rest_route=%2Fwp%2Fv2%2Ftags&post=67245"}],"curies":[{"name":"wp","href":"https:\/\/api.w.org\/{rel}","templated":true}]}}