{"id":67223,"date":"2018-10-04T13:43:41","date_gmt":"2018-10-04T12:43:41","guid":{"rendered":"http:\/\/2horizontes.com\/?p=67223"},"modified":"2018-10-04T13:43:41","modified_gmt":"2018-10-04T12:43:41","slug":"con-acto-multitudinario-en-santiago-quedo-conformado-el-equipo-la-juventud-leonelista","status":"publish","type":"post","link":"https:\/\/2horizontes.com\/?p=67223","title":{"rendered":"Con acto multitudinario en Santiago qued\u00f3 conformado el equipo \u201cLa Juventud Leonelista\u201d"},"content":{"rendered":"<p><strong>Adelantan recorrer\u00e1n todo el pa\u00eds para ampliar el apoyo a Leonel Fern\u00e1ndez<\/strong><\/p>\n<p>Santiago<br \/>\nQued\u00f3 conformado en un evento multitudinario realizado en Santiago de los Caballeros, el equipo denominado \u201cLa Juventud Leonelista\u201d, integrado por j\u00f3venes que buscan junto a sus coordinares masificar el respaldo\u00a0 al doctor Leonel Fern\u00e1ndez Reyna.<\/p>\n<p>La coordinaci\u00f3n provincial recay\u00f3 sobre Angelina Vargas, quien\u00a0 manifest\u00f3 que a partir de este momento se marca un hito para la Juventud Leonelista de Santiago.<\/p>\n<p>\u201cCon esta designaci\u00f3n asumimos un compromiso irrestricto en apoyo al compa\u00f1ero Leonel Fern\u00e1ndez y no descasaremos hasta lograr sus objetivos pol\u00edticos de cara al futuro. A partir de este momento vamos\u00a0 a\u00a0 recorrer y organizar la juventud en todos los sectores de Santiago, as\u00ed como sus municipios, distritos y dem\u00e1s demarcaciones de nuestra provincia\u201d, expres\u00f3 Vargas.<\/p>\n<p>Dijo que no cabe dudas de\u00a0 que en Santiago como en toda la geograf\u00eda nacional\u00a0 las condiciones est\u00e1n dadas\u00a0 para seguir avanzando en el respaldo al expresidente Fern\u00e1ndez, de modo que se convierta nueva vez\u00a0 en el principal referente pol\u00edtico pa\u00eds.<\/p>\n<p>\u201cEs tiempo\u00a0 que\u00a0 resurja la esperanza y el pa\u00eds contin\u00fae hacia la prosperidad, la estabilidad institucional y el fortalecimiento de la democracia\u201d, subray\u00f3 la joven coordinadora.<\/p>\n<p>En tanto, que el secretario nacional de la Juventud del PLD, y miembro del Comit\u00e9 Central Franklin Rodr\u00edguez, dijo sentirse altamente satisfecho por el evento realizado y se comprometi\u00f3 a bridar todo su apoyo para que\u00a0 la Juventud Leonelista de Santiago sobrepase sus expectativas y metas establecidas.<\/p>\n<p>Rodr\u00edguez disert\u00f3 sobre el discurrir de la historia dominicana y la necesidad de que Fern\u00e1ndez, avance en el apoyo popular.<\/p>\n<p>Asimismo, Claritza de la Cruz, coordinadora de la Juventud de Leonel (JUDEL)\u00a0 manifest\u00f3 que a nivel nacional el PLD cuenta con\u00a0 una juventud empoderada.<\/p>\n<p>\u201cEste apoyo ser\u00e1 igual a la juventud de\u00a0 las 32 provincias del pa\u00eds,\u00a0 no cabe duda que solo unida y bien orientada la Juventud Leonelista alcanzar\u00e1 su cometido: llevar a Leonel Fern\u00e1ndez a la cima de la popularidad y tener el pa\u00eds que todos anhelamos\u201d, expres\u00f3 la tambi\u00e9n miembro\u00a0 del Comit\u00e9 Central del PLD.<\/p>\n<p>En el acto de juramentaci\u00f3n estuvo presente el equipo juvenil del alcalde de esta provincia, Abel Mart\u00ednez Dur\u00e1n, quienes mostraron gran\u00a0 entusiasmo\u00a0 y participaci\u00f3n<\/p>\n<div class=\"et_pb_section et_pb_section_0 et_section_regular\"><\/div>\n<figure class=\"wp-block-image\"><img alt=\"\" \/><\/figure>\n<p>Direcci\u00f3n de Comunicaci\u00f3n<br \/>\nRED NACIONAL VIRTUAL LEONEL FERN\u00c1NDEZ<\/p>\n","protected":false},"excerpt":{"rendered":"<p>Adelantan recorrer\u00e1n todo el pa\u00eds para ampliar el apoyo a Leonel Fern\u00e1ndez Santiago Qued\u00f3 conformado en un evento multitudinario realizado en Santiago de los Caballeros, el equipo denominado \u201cLa Juventud Leonelista\u201d, integrado por j\u00f3venes que buscan junto a sus coordinares masificar el respaldo\u00a0 al doctor Leonel Fern\u00e1ndez Reyna. La coordinaci\u00f3n provincial recay\u00f3 sobre Angelina Vargas, [&hellip;]<\/p>\n","protected":false},"author":4,"featured_media":67224,"comment_status":"open","ping_status":"open","sticky":false,"template":"","format":"standard","meta":{"footnotes":""},"categories":[43,53,44],"tags":[],"class_list":["post-67223","post","type-post","status-publish","format-standard","has-post-thumbnail","hentry","category-politica","category-provincias","category-republica-dominicana"],"_links":{"self":[{"href":"https:\/\/2horizontes.com\/index.php?rest_route=\/wp\/v2\/posts\/67223","targetHints":{"allow":["GET"]}}],"collection":[{"href":"https:\/\/2horizontes.com\/index.php?rest_route=\/wp\/v2\/posts"}],"about":[{"href":"https:\/\/2horizontes.com\/index.php?rest_route=\/wp\/v2\/types\/post"}],"author":[{"embeddable":true,"href":"https:\/\/2horizontes.com\/index.php?rest_route=\/wp\/v2\/users\/4"}],"replies":[{"embeddable":true,"href":"https:\/\/2horizontes.com\/index.php?rest_route=%2Fwp%2Fv2%2Fcomments&post=67223"}],"version-history":[{"count":1,"href":"https:\/\/2horizontes.com\/index.php?rest_route=\/wp\/v2\/posts\/67223\/revisions"}],"predecessor-version":[{"id":67225,"href":"https:\/\/2horizontes.com\/index.php?rest_route=\/wp\/v2\/posts\/67223\/revisions\/67225"}],"wp:featuredmedia":[{"embeddable":true,"href":"https:\/\/2horizontes.com\/index.php?rest_route=\/wp\/v2\/media\/67224"}],"wp:attachment":[{"href":"https:\/\/2horizontes.com\/index.php?rest_route=%2Fwp%2Fv2%2Fmedia&parent=67223"}],"wp:term":[{"taxonomy":"category","embeddable":true,"href":"https:\/\/2horizontes.com\/index.php?rest_route=%2Fwp%2Fv2%2Fcategories&post=67223"},{"taxonomy":"post_tag","embeddable":true,"href":"https:\/\/2horizontes.com\/index.php?rest_route=%2Fwp%2Fv2%2Ftags&post=67223"}],"curies":[{"name":"wp","href":"https:\/\/api.w.org\/{rel}","templated":true}]}}