{"id":67149,"date":"2018-10-02T13:15:10","date_gmt":"2018-10-02T12:15:10","guid":{"rendered":"http:\/\/2horizontes.com\/?p=67149"},"modified":"2018-10-02T13:15:10","modified_gmt":"2018-10-02T12:15:10","slug":"entra-en-vigor-ley-de-aumento-de-edad-de-responsabilidad-penal","status":"publish","type":"post","link":"https:\/\/2horizontes.com\/?p=67149","title":{"rendered":"Entra en vigor ley de Aumento de Edad de Responsabilidad Penal"},"content":{"rendered":"<p>NUEVA YORK.- La nueva ley Ley de Aumento de la Edad de Responsabilidad Penal, conocida como\u00a0\u201cRaise the Age\u201d,\u00a0 entr\u00f3 en vigor este lunes 1 de octubre\u00a0en\u00a0 el estado de Nueva York.<\/p>\n<p>La misma establece que los infractores\u00a0menores de 17\u00a0a\u00f1os no ser\u00e1n detenidos ni tratados como adultos y que a a partir del primero de octubre de 2019 la edad para ello ser\u00e1\u00a0de 18.<\/p>\n<p>Todos los menores de 18 a\u00f1os (unos 90 en total) que actualmente cumplen penas en\u00a0 la c\u00e1rcel de\u00a0Rikers Island\u00a0ser\u00e1n\u00a0 transferidos al\u00a0Centro de Detenci\u00f3n Juvenil Horizon, en El Bronx,\u00a0 el cual es administrado por la\u00a0Administraci\u00f3n de Servicios Infantiles (ACS).<\/p>\n<p>Las\u00a0\u00a0autoridades dicen que todo est\u00e1 listo para dicho traslado y que durante el proceso garantizan el bienestar de los menores.<\/p>\n<p>Sin embargo,\u00a0l\u00edderes pol\u00edticos y\u00a0activistas de Nueva York est\u00e1n preocupados porque, seg\u00fan dicen, los custodios de Horizon ser\u00e1n los mismos de Rikers.\u00a0 \u00a0Abogan porque esta tarea descanse en especialistas.<\/p>\n<p>sp-am<\/p>\n","protected":false},"excerpt":{"rendered":"<p>NUEVA YORK.- La nueva ley Ley de Aumento de la Edad de Responsabilidad Penal, conocida como\u00a0\u201cRaise the Age\u201d,\u00a0 entr\u00f3 en vigor este lunes 1 de octubre\u00a0en\u00a0 el estado de Nueva York. La misma establece que los infractores\u00a0menores de 17\u00a0a\u00f1os no ser\u00e1n detenidos ni tratados como adultos y que a a partir del primero de octubre [&hellip;]<\/p>\n","protected":false},"author":4,"featured_media":67150,"comment_status":"open","ping_status":"open","sticky":false,"template":"","format":"standard","meta":{"footnotes":""},"categories":[40],"tags":[],"class_list":["post-67149","post","type-post","status-publish","format-standard","has-post-thumbnail","hentry","category-internacionales"],"_links":{"self":[{"href":"https:\/\/2horizontes.com\/index.php?rest_route=\/wp\/v2\/posts\/67149","targetHints":{"allow":["GET"]}}],"collection":[{"href":"https:\/\/2horizontes.com\/index.php?rest_route=\/wp\/v2\/posts"}],"about":[{"href":"https:\/\/2horizontes.com\/index.php?rest_route=\/wp\/v2\/types\/post"}],"author":[{"embeddable":true,"href":"https:\/\/2horizontes.com\/index.php?rest_route=\/wp\/v2\/users\/4"}],"replies":[{"embeddable":true,"href":"https:\/\/2horizontes.com\/index.php?rest_route=%2Fwp%2Fv2%2Fcomments&post=67149"}],"version-history":[{"count":1,"href":"https:\/\/2horizontes.com\/index.php?rest_route=\/wp\/v2\/posts\/67149\/revisions"}],"predecessor-version":[{"id":67151,"href":"https:\/\/2horizontes.com\/index.php?rest_route=\/wp\/v2\/posts\/67149\/revisions\/67151"}],"wp:featuredmedia":[{"embeddable":true,"href":"https:\/\/2horizontes.com\/index.php?rest_route=\/wp\/v2\/media\/67150"}],"wp:attachment":[{"href":"https:\/\/2horizontes.com\/index.php?rest_route=%2Fwp%2Fv2%2Fmedia&parent=67149"}],"wp:term":[{"taxonomy":"category","embeddable":true,"href":"https:\/\/2horizontes.com\/index.php?rest_route=%2Fwp%2Fv2%2Fcategories&post=67149"},{"taxonomy":"post_tag","embeddable":true,"href":"https:\/\/2horizontes.com\/index.php?rest_route=%2Fwp%2Fv2%2Ftags&post=67149"}],"curies":[{"name":"wp","href":"https:\/\/api.w.org\/{rel}","templated":true}]}}