{"id":67117,"date":"2018-09-26T15:49:12","date_gmt":"2018-09-26T14:49:12","guid":{"rendered":"http:\/\/2horizontes.com\/?p=67117"},"modified":"2018-09-26T15:49:12","modified_gmt":"2018-09-26T14:49:12","slug":"espana-salen-a-la-luz-grabaciones-de-la-uco-a-dominicana-mato-nino","status":"publish","type":"post","link":"https:\/\/2horizontes.com\/?p=67117","title":{"rendered":"ESPA\u00d1A: Salen a la luz grabaciones de la UCO a dominicana mat\u00f3 ni\u00f1o"},"content":{"rendered":"<p>ESPA\u00d1A.- Una semana antes de la detenci\u00f3n de Ana Julia Quezada por el asesinato del ni\u00f1o Gabriel Cruz, la Guardia Civil hab\u00eda colocado micr\u00f3fonos en el domicilio y el veh\u00edculo de la que era su principal sospechosa de la muerte del peque\u00f1o, apodado cari\u00f1osamente por sus seres queridos \u2018el pesca\u00edto\u2019.<\/p>\n<p>Este lunes La Sexta ha sacado a la luz los audios de algunas de las grabaciones de estos micr\u00f3fonos, as\u00ed como las im\u00e1genes captadas por los agentes que provocaron la detenci\u00f3n de Ana Julia Quezada.<\/p>\n<p>En estas fotograf\u00edas se puede observar a la asesina levantando unos tablones del suelo, con los que cubri\u00f3 la fosa en la que escondi\u00f3 el cuerpo de Gabriel en la finca de Rodalquilar. A continuaci\u00f3n, Ana Julia sac\u00f3 el cad\u00e1ver del peque\u00f1o para introducirlo en el maletero de su coche.<\/p>\n<p>Ya en su veh\u00edculo con el cuerpo de Gabriel en el maletero, el micr\u00f3fono de los agentes graba a Ana Julia hablando consigo misma: \u201c\u00bfD\u00f3nde lo puedo llevar yo? No, no puedo\u2026 \u00bfNo quieren un pez? Le voy a hacer un pez\u2026 mis cojones\u201d. Minutos despu\u00e9s, Ana Julia fue detenida.<\/p>\n<p>En su primera confesi\u00f3n ante la Guardia Civil, Ana Julia defendi\u00f3 que el crimen se produjo cuando ambos comenzaron \u201ca pelearse por un hacha\u201d con la que el ni\u00f1o estaba jugando fuera de la casa y al final, \u201ccon rabia, acab\u00e9 asfixi\u00e1ndole\u201d.<\/p>\n<p>La autora confesa del crimen se enfrenta ahora a prisi\u00f3n permanente revisable, la pena que las acusaciones ya han anunciado que pedir\u00e1n para Ana Julia Quezada. Ser\u00e1 juzgada por un juzgado popular por asesinato, pero no por detenci\u00f3n ilegal.<\/p>\n","protected":false},"excerpt":{"rendered":"<p>ESPA\u00d1A.- Una semana antes de la detenci\u00f3n de Ana Julia Quezada por el asesinato del ni\u00f1o Gabriel Cruz, la Guardia Civil hab\u00eda colocado micr\u00f3fonos en el domicilio y el veh\u00edculo de la que era su principal sospechosa de la muerte del peque\u00f1o, apodado cari\u00f1osamente por sus seres queridos \u2018el pesca\u00edto\u2019. Este lunes La Sexta ha [&hellip;]<\/p>\n","protected":false},"author":4,"featured_media":67118,"comment_status":"open","ping_status":"open","sticky":false,"template":"","format":"standard","meta":{"footnotes":""},"categories":[46],"tags":[],"class_list":["post-67117","post","type-post","status-publish","format-standard","has-post-thumbnail","hentry","category-dominicanos-en-madrid"],"_links":{"self":[{"href":"https:\/\/2horizontes.com\/index.php?rest_route=\/wp\/v2\/posts\/67117","targetHints":{"allow":["GET"]}}],"collection":[{"href":"https:\/\/2horizontes.com\/index.php?rest_route=\/wp\/v2\/posts"}],"about":[{"href":"https:\/\/2horizontes.com\/index.php?rest_route=\/wp\/v2\/types\/post"}],"author":[{"embeddable":true,"href":"https:\/\/2horizontes.com\/index.php?rest_route=\/wp\/v2\/users\/4"}],"replies":[{"embeddable":true,"href":"https:\/\/2horizontes.com\/index.php?rest_route=%2Fwp%2Fv2%2Fcomments&post=67117"}],"version-history":[{"count":1,"href":"https:\/\/2horizontes.com\/index.php?rest_route=\/wp\/v2\/posts\/67117\/revisions"}],"predecessor-version":[{"id":67119,"href":"https:\/\/2horizontes.com\/index.php?rest_route=\/wp\/v2\/posts\/67117\/revisions\/67119"}],"wp:featuredmedia":[{"embeddable":true,"href":"https:\/\/2horizontes.com\/index.php?rest_route=\/wp\/v2\/media\/67118"}],"wp:attachment":[{"href":"https:\/\/2horizontes.com\/index.php?rest_route=%2Fwp%2Fv2%2Fmedia&parent=67117"}],"wp:term":[{"taxonomy":"category","embeddable":true,"href":"https:\/\/2horizontes.com\/index.php?rest_route=%2Fwp%2Fv2%2Fcategories&post=67117"},{"taxonomy":"post_tag","embeddable":true,"href":"https:\/\/2horizontes.com\/index.php?rest_route=%2Fwp%2Fv2%2Ftags&post=67117"}],"curies":[{"name":"wp","href":"https:\/\/api.w.org\/{rel}","templated":true}]}}