{"id":67111,"date":"2018-09-26T15:42:32","date_gmt":"2018-09-26T14:42:32","guid":{"rendered":"http:\/\/2horizontes.com\/?p=67111"},"modified":"2018-09-26T15:42:32","modified_gmt":"2018-09-26T14:42:32","slug":"artesanos-rd-expondran-en-espana-y-frankfurt","status":"publish","type":"post","link":"https:\/\/2horizontes.com\/?p=67111","title":{"rendered":"Artesanos RD expondr\u00e1n en Espa\u00f1a y Frankfurt"},"content":{"rendered":"<div class=\"\" data-block=\"true\" data-editor=\"54tb1\" data-offset-key=\"8spsj-0-0\">\n<div class=\"_1mf _1mj\" data-offset-key=\"8spsj-0-0\">SANTO DOMINGO.- La Primera Exposici\u00f3n de Artesan\u00eda Dominicana en Europa ser\u00e1 celebrada en los meses de octubre y noviembre de este a\u00f1o con la participaci\u00f3n de unos 57 artesanos criollos.<\/div>\n<\/div>\n<div class=\"\" data-block=\"true\" data-editor=\"54tb1\" data-offset-key=\"1bt3p-0-0\">\n<div class=\"_1mf _1mj\" data-offset-key=\"1bt3p-0-0\"><span data-offset-key=\"1bt3p-0-0\">\u00a0<\/span><\/div>\n<\/div>\n<div class=\"\" data-block=\"true\" data-editor=\"54tb1\" data-offset-key=\"fb7a0-0-0\">\n<div class=\"_1mf _1mj\" data-offset-key=\"fb7a0-0-0\"><span data-offset-key=\"fb7a0-0-0\">La exposici\u00f3n tendr\u00e1 lugar del 19 al 28 de octubre en Madrid, Espa\u00f1a, mientras que los d\u00edas 2 y 3 de noviembre se trasladar\u00e1 a Frankfurt, Alemania.<\/span><\/div>\n<\/div>\n<div class=\"\" data-block=\"true\" data-editor=\"54tb1\" data-offset-key=\"er3ch-0-0\">\n<div class=\"_1mf _1mj\" data-offset-key=\"er3ch-0-0\"><span data-offset-key=\"er3ch-0-0\">\u00a0<\/span><\/div>\n<\/div>\n<div class=\"\" data-block=\"true\" data-editor=\"54tb1\" data-offset-key=\"9r346-0-0\">\n<div class=\"_1mf _1mj\" data-offset-key=\"9r346-0-0\"><span data-offset-key=\"9r346-0-0\">Adem\u00e1s de los 58 artesanos ser\u00e1n expuestas 100 obras de otros dominicanos que elaboran artesan\u00eda en la Rep\u00fablica Dominicana.<\/span><\/div>\n<\/div>\n<div class=\"\" data-block=\"true\" data-editor=\"54tb1\" data-offset-key=\"d8g6b-0-0\">\n<div class=\"_1mf _1mj\" data-offset-key=\"d8g6b-0-0\"><span data-offset-key=\"d8g6b-0-0\">\u00a0<\/span><\/div>\n<\/div>\n<div class=\"\" data-block=\"true\" data-editor=\"54tb1\" data-offset-key=\"8nlun-0-0\">\n<div class=\"_1mf _1mj\" data-offset-key=\"8nlun-0-0\"><span data-offset-key=\"8nlun-0-0\">La delegaci\u00f3n criolla estar\u00e1 encabezada por Fausto Araujo, director de ProArtesaniaRD e integrada por Pedro Castro, presidente de la Federacion Dominicana de Artesanos (FEDARTE); Ruben Castillo, presidente de la Cooperativa Nacional de Artesanos (COOPPNATED); Santiago Espinal, presidente de la Asociacion Nacional de Artesanos (ASONARTE).<\/span><\/div>\n<\/div>\n<div class=\"\" data-block=\"true\" data-editor=\"54tb1\" data-offset-key=\"dfmf5-0-0\">\n<div class=\"_1mf _1mj\" data-offset-key=\"dfmf5-0-0\"><span data-offset-key=\"dfmf5-0-0\">\u00a0<\/span><\/div>\n<\/div>\n<div class=\"\" data-block=\"true\" data-editor=\"54tb1\" data-offset-key=\"b1t4f-0-0\">\n<div class=\"_1mf _1mj\" data-offset-key=\"b1t4f-0-0\"><span data-offset-key=\"b1t4f-0-0\">Tambi\u00e9n, Jose Damian Matias, presidente de la Union de Artesanos y Artistas Plasticos de San Cristobal (UNAASANC); Vladimir Ramirez, presidente de la Asociacion Nacional de Artesanos y Artistas del Reciclaje (ASONAAR).<\/span><\/div>\n<\/div>\n<div class=\"\" data-block=\"true\" data-editor=\"54tb1\" data-offset-key=\"c1cf5-0-0\">\n<div class=\"_1mf _1mj\" data-offset-key=\"c1cf5-0-0\"><span data-offset-key=\"c1cf5-0-0\">y Elba Espinal, presidenta de la Asociacion de Artesanos de Santiago.<\/span><\/div>\n<\/div>\n<div class=\"\" data-block=\"true\" data-editor=\"54tb1\" data-offset-key=\"4moos-0-0\">\n<div class=\"_1mf _1mj\" data-offset-key=\"4moos-0-0\"><span data-offset-key=\"4moos-0-0\">\u00a0<\/span><\/div>\n<\/div>\n<div class=\"\" data-block=\"true\" data-editor=\"54tb1\" data-offset-key=\"cjrce-0-0\">\n<div class=\"_1mf _1mj\" data-offset-key=\"cjrce-0-0\"><span data-offset-key=\"cjrce-0-0\">Los organizadores destacaron que algunas obras han sido reconocidas por la UNESCO y el Vaticano, entre ellos Los \u201cGuloyas\u201d de San Pedro de Macoris, que ha sido declarados Patrimonio de la Humanidad.<\/span><\/div>\n<\/div>\n<div class=\"\" data-block=\"true\" data-editor=\"54tb1\" data-offset-key=\"fv14u-0-0\">\n<div class=\"_1mf _1mj\" data-offset-key=\"fv14u-0-0\"><span data-offset-key=\"fv14u-0-0\">\u00a0<\/span><\/div>\n<\/div>\n<div class=\"\" data-block=\"true\" data-editor=\"54tb1\" data-offset-key=\"e153e-0-0\">\n<div class=\"_1mf _1mj\" data-offset-key=\"e153e-0-0\"><span data-offset-key=\"e153e-0-0\">Habr\u00e1n asociaciones y artistas representativos de todas las regiones y provincias de la Rep\u00fablica Dominicana. Nunca antes tantos artesanos habian salido juntos del pais a exponer sus obras al mas alto nivel.<\/span><\/div>\n<\/div>\n<div class=\"\" data-block=\"true\" data-editor=\"54tb1\" data-offset-key=\"auc18-0-0\">\n<div class=\"_1mf _1mj\" data-offset-key=\"auc18-0-0\"><span data-offset-key=\"auc18-0-0\">\u00a0<\/span><\/div>\n<\/div>\n<div class=\"\" data-block=\"true\" data-editor=\"54tb1\" data-offset-key=\"1du6q-0-0\">\n<div class=\"_1mf _1mj\" data-offset-key=\"1du6q-0-0\"><span data-offset-key=\"1du6q-0-0\">Las rondas de negocios en Frankfurt y Madrid tendr\u00e1n potenciales compradores de Alemania, Praga, Viena e Italia, por lo que ha sido catalogado un acontencimiento hist\u00f3rico.<\/span><\/div>\n<\/div>\n<div class=\"\" data-block=\"true\" data-editor=\"54tb1\" data-offset-key=\"engv1-0-0\">\n<div class=\"_1mf _1mj\" data-offset-key=\"engv1-0-0\"><span data-offset-key=\"engv1-0-0\">\u00a0<\/span><\/div>\n<\/div>\n<div class=\"\" data-block=\"true\" data-editor=\"54tb1\" data-offset-key=\"1md7k-0-0\">\n<div class=\"_1mf _1mj\" data-offset-key=\"1md7k-0-0\"><span data-offset-key=\"1md7k-0-0\">El coordinador general para el Desarrollo y la Competitividad Artesanal (ProArtesaniaRD), Fausto Araujo, inform\u00f3 que el sector artesanal aprovechar\u00e1 ese escenario para mostrar lo mejor del arte y la cultura dominicana en suelo europeo, y aprovech\u00f3 para dar las gracias al presidente Danilo Medina por el respaldo que est\u00e1 dando al sector.<\/span><\/div>\n<\/div>\n<div class=\"\" data-block=\"true\" data-editor=\"54tb1\" data-offset-key=\"8bo0v-0-0\">\n<div class=\"_1mf _1mj\" data-offset-key=\"8bo0v-0-0\"><span data-offset-key=\"8bo0v-0-0\">\u00a0<\/span><\/div>\n<\/div>\n<div class=\"\" data-block=\"true\" data-editor=\"54tb1\" data-offset-key=\"91g7g-0-0\">\n<div class=\"_1mf _1mj\" data-offset-key=\"91g7g-0-0\"><span data-offset-key=\"91g7g-0-0\">En tanto, el director de la Feria, Frank Segura, afirm\u00f3 que \u201cesta Exposici\u00f3n representa una gran oportunidad para mostrar al mundo el mercado artesanal del pa\u00eds, en la b\u00fasqueda de captar compradores y distribuidores por primera vez en Espa\u00f1a\u201d.<\/span><\/div>\n<\/div>\n<div class=\"\" data-block=\"true\" data-editor=\"54tb1\" data-offset-key=\"a7st7-0-0\">\n<div class=\"_1mf _1mj\" data-offset-key=\"a7st7-0-0\"><span data-offset-key=\"a7st7-0-0\">\u00a0<\/span><\/div>\n<\/div>\n<div class=\"\" data-block=\"true\" data-editor=\"54tb1\" data-offset-key=\"4slgv-0-0\">\n<div class=\"_1mf _1mj\" data-offset-key=\"4slgv-0-0\"><span data-offset-key=\"4slgv-0-0\">La feria ofertar\u00e1 al p\u00fablico una amplia selecci\u00f3n de piezas elaboradas en barro y cer\u00e1mica; talladas en coco, piedra y madera; confeccionas en piel y fibras naturales, as\u00ed como joyer\u00eda hecha de \u00e1mbar o larimar, como forma de promover las costumbres y tradiciones criollas.<\/span><\/div>\n<\/div>\n<div class=\"\" data-block=\"true\" data-editor=\"54tb1\" data-offset-key=\"85kut-0-0\">\n<div class=\"_1mf _1mj\" data-offset-key=\"85kut-0-0\"><span data-offset-key=\"85kut-0-0\">\u00a0<\/span><\/div>\n<\/div>\n<div class=\"\" data-block=\"true\" data-editor=\"54tb1\" data-offset-key=\"asmqu-0-0\">\n<div class=\"_1mf _1mj\" data-offset-key=\"asmqu-0-0\"><span data-offset-key=\"asmqu-0-0\">La IX Semana Latinoamericana de Frankfurt estar\u00e1 dedicada al pa\u00eds, lo que ser\u00e1 aprovechado para promover y vender Republica Dominicana como el principal destino tur\u00edstico de la regi\u00f3n de Am\u00e9rica Latina, proyectar su m\u00fasica, su cultura, sus competitivos productos y servicios, y su variada, hermosa, colorida y original artesan\u00eda.<\/span><\/div>\n<\/div>\n<div class=\"\" data-block=\"true\" data-editor=\"54tb1\" data-offset-key=\"a304-0-0\">\n<div class=\"_1mf _1mj\" data-offset-key=\"a304-0-0\"><span data-offset-key=\"a304-0-0\">\u00a0<\/span><\/div>\n<\/div>\n<div class=\"\" data-block=\"true\" data-editor=\"54tb1\" data-offset-key=\"3grol-0-0\">\n<div class=\"_1mf _1mj\" data-offset-key=\"3grol-0-0\"><span data-offset-key=\"3grol-0-0\">Alemania es una de las naciones emisoras m\u00e1s importantes de Europa y, en efecto, juega un rol fundamental para la expansi\u00f3n y el desarrollo del turismo en la Rep\u00fablica Dominicana.<\/span><\/div>\n<\/div>\n<div class=\"\" data-block=\"true\" data-editor=\"54tb1\" data-offset-key=\"dh821-0-0\">\n<div class=\"_1mf _1mj\" data-offset-key=\"dh821-0-0\"><span data-offset-key=\"dh821-0-0\">\u00a0<\/span><\/div>\n<\/div>\n<div class=\"\" data-block=\"true\" data-editor=\"54tb1\" data-offset-key=\"cbm5a-0-0\">\n<div class=\"_1mf _1mj\" data-offset-key=\"cbm5a-0-0\"><span data-offset-key=\"cbm5a-0-0\">De hecho, despu\u00e9s de Estados Unidos y Canad\u00e1, es de Alemania de donde proviene la mayor cantidad de turistas que visitan el pa\u00eds.<\/span><\/div>\n<\/div>\n<div class=\"\" data-block=\"true\" data-editor=\"54tb1\" data-offset-key=\"9sn6b-0-0\">\n<div class=\"_1mf _1mj\" data-offset-key=\"9sn6b-0-0\"><span data-offset-key=\"9sn6b-0-0\">\u00a0<\/span><\/div>\n<\/div>\n<div class=\"\" data-block=\"true\" data-editor=\"54tb1\" data-offset-key=\"10eup-0-0\">\n<div class=\"_1mf _1mj\" data-offset-key=\"10eup-0-0\"><span data-offset-key=\"10eup-0-0\">Actualmente existen en el pa\u00eds alrededor de 10 mil familias que se dedican a la elaboraci\u00f3n de artesan\u00edas, con calidad, belleza y elegancia que ha conquistado el gusto de nacionales y extranjeros.<\/span><\/div>\n<\/div>\n<div class=\"\" data-block=\"true\" data-editor=\"54tb1\" data-offset-key=\"3bjrc-0-0\">\n<div class=\"_1mf _1mj\" data-offset-key=\"3bjrc-0-0\"><span data-offset-key=\"3bjrc-0-0\">\u00a0<\/span><\/div>\n<\/div>\n<div class=\"\" data-block=\"true\" data-editor=\"54tb1\" data-offset-key=\"crhp-0-0\">\n<div class=\"_1mf _1mj\" data-offset-key=\"crhp-0-0\"><span data-offset-key=\"crhp-0-0\">Algunas obras artesanales han sido premiadas y reconocidas mundialmente por la Organizaci\u00f3n de las Naciones Unidas para la Educaci\u00f3n, la Ciencia y la Cultura (UNESCO) y otros organismos internacionales. Todas y muchas otras m\u00e1s se llevar\u00e1n a las exposiciones en Europa y otras partes del mundo.<\/span><\/div>\n<\/div>\n","protected":false},"excerpt":{"rendered":"<p>SANTO DOMINGO.- La Primera Exposici\u00f3n de Artesan\u00eda Dominicana en Europa ser\u00e1 celebrada en los meses de octubre y noviembre de este a\u00f1o con la participaci\u00f3n de unos 57 artesanos criollos. \u00a0 La exposici\u00f3n tendr\u00e1 lugar del 19 al 28 de octubre en Madrid, Espa\u00f1a, mientras que los d\u00edas 2 y 3 de noviembre se trasladar\u00e1 [&hellip;]<\/p>\n","protected":false},"author":4,"featured_media":67112,"comment_status":"open","ping_status":"open","sticky":false,"template":"","format":"standard","meta":{"footnotes":""},"categories":[62,86,83,44],"tags":[],"class_list":["post-67111","post","type-post","status-publish","format-standard","has-post-thumbnail","hentry","category-cultura","category-europa","category-reportajes","category-republica-dominicana"],"_links":{"self":[{"href":"https:\/\/2horizontes.com\/index.php?rest_route=\/wp\/v2\/posts\/67111","targetHints":{"allow":["GET"]}}],"collection":[{"href":"https:\/\/2horizontes.com\/index.php?rest_route=\/wp\/v2\/posts"}],"about":[{"href":"https:\/\/2horizontes.com\/index.php?rest_route=\/wp\/v2\/types\/post"}],"author":[{"embeddable":true,"href":"https:\/\/2horizontes.com\/index.php?rest_route=\/wp\/v2\/users\/4"}],"replies":[{"embeddable":true,"href":"https:\/\/2horizontes.com\/index.php?rest_route=%2Fwp%2Fv2%2Fcomments&post=67111"}],"version-history":[{"count":1,"href":"https:\/\/2horizontes.com\/index.php?rest_route=\/wp\/v2\/posts\/67111\/revisions"}],"predecessor-version":[{"id":67113,"href":"https:\/\/2horizontes.com\/index.php?rest_route=\/wp\/v2\/posts\/67111\/revisions\/67113"}],"wp:featuredmedia":[{"embeddable":true,"href":"https:\/\/2horizontes.com\/index.php?rest_route=\/wp\/v2\/media\/67112"}],"wp:attachment":[{"href":"https:\/\/2horizontes.com\/index.php?rest_route=%2Fwp%2Fv2%2Fmedia&parent=67111"}],"wp:term":[{"taxonomy":"category","embeddable":true,"href":"https:\/\/2horizontes.com\/index.php?rest_route=%2Fwp%2Fv2%2Fcategories&post=67111"},{"taxonomy":"post_tag","embeddable":true,"href":"https:\/\/2horizontes.com\/index.php?rest_route=%2Fwp%2Fv2%2Ftags&post=67111"}],"curies":[{"name":"wp","href":"https:\/\/api.w.org\/{rel}","templated":true}]}}